{"id":134770,"date":"2015-12-22T18:00:48","date_gmt":"2015-12-22T23:00:48","guid":{"rendered":"https:\/\/relaismontroyal.org\/wp\/?p=134770"},"modified":"2015-12-22T11:46:22","modified_gmt":"2015-12-22T16:46:22","slug":"grain-de-sel-5","status":"publish","type":"post","link":"https:\/\/relaismontroyal.org\/wp\/grain-de-sel-5\/","title":{"rendered":"Mon grain de sel"},"content":{"rendered":"<h3><img data-recalc-dims=\"1\" loading=\"lazy\" decoding=\"async\" class=\"alignright wp-image-25495 size-thumbnail\" src=\"https:\/\/i0.wp.com\/relaismontroyal.org\/wp\/wp-content\/uploads\/2014\/05\/Sel-romarin-150x150.jpg?resize=150%2C150\" alt=\"Grain de Sel\" width=\"150\" height=\"150\" srcset=\"https:\/\/i0.wp.com\/relaismontroyal.org\/wp\/wp-content\/uploads\/2014\/05\/Sel-romarin.jpg?resize=150%2C150&amp;ssl=1 150w, https:\/\/i0.wp.com\/relaismontroyal.org\/wp\/wp-content\/uploads\/2014\/05\/Sel-romarin.jpg?resize=540%2C540&amp;ssl=1 540w, https:\/\/i0.wp.com\/relaismontroyal.org\/wp\/wp-content\/uploads\/2014\/05\/Sel-romarin.jpg?resize=270%2C270&amp;ssl=1 270w, https:\/\/i0.wp.com\/relaismontroyal.org\/wp\/wp-content\/uploads\/2014\/05\/Sel-romarin.jpg?zoom=3&amp;resize=150%2C150&amp;ssl=1 450w\" sizes=\"auto, (max-width: 150px) 100vw, 150px\" \/>Mon grain de sel, sur l&rsquo;\u00c9vangile du vendredi\u00a025 d\u00e9cembre 2015<\/h3>\n<h6>par Mario Bard.<\/h6>\n<p class=\"p1\"><span class=\"s1\">Pourquoi?\u00a0<\/span><\/p>\n<p class=\"p1\"><span class=\"s1\">Pourquoi No\u00ebl n\u2019est-il pas tous les jours? Pourquoi cet esprit de g\u00e9n\u00e9rosit\u00e9, d\u2019amour et de gr\u00e2ce qui s\u2019empare soudainement des plus mesquins d\u2019entre nous ne gagne-t-il pas le reste de l\u2019ann\u00e9e? <\/span><\/p>\n<p class=\"p1\"><span class=\"s1\">Pourquoi la paix que l\u2019on chante, esp\u00e8re et cr\u00e9e \u00e0 No\u00ebl n\u2019est-elle pas celle de tous les jours? Pourquoi ce Dieu dans une mangeoire n\u2019est-il pas mieux compris de notre c\u0153ur, lent \u00e0 saisir toute la bont\u00e9 qui se d\u00e9gage de ce Dieu enfant? Que se passe-t-il le jour de No\u00ebl, qui cesse d\u00e8s le lendemain? <\/span><\/p>\n<p class=\"p1\"><span class=\"s1\">Je ne sais pas. Je pourrais continuer la s\u00e9rie de questions, sans cesse et sans cesse. Et pourtant, rien n\u2019y ferait. Le 26 d\u00e9cembre, nous reprenons la routine\u2026 Nous oublions soudainement l\u2019Enfant J\u00e9sus pour aller magasiner, retourner \u00e0 nos moutons, ou bien simplement ne plus avoir la confiance qu\u2019il faut afin de ne plus \u00eatre esclave. <\/span><\/p>\n<p class=\"p1\"><span class=\"s1\">Pourquoi?<br \/>\n<\/span><\/p>\n<p class=\"p1\"><span class=\"s1\">Et puis, la guerre\u2026 elle a cess\u00e9 \u00e0 No\u00ebl\u00a01914 entre les Fran\u00e7ais et les Allemands\u2026 Alors, pourquoi les soldats n\u2019ont-ils pas su dire \u00e0 leurs sup\u00e9rieurs\u00a0: \u00ab\u00a0Nous ne ferons plus la guerre!\u00a0\u00bb En effet, les soldats ont fraternis\u00e9 pendant une journ\u00e9e sur le champ de bataille. Ils ont chant\u00e9 des chants de No\u00ebl ensemble\u2026 Mais, ils n\u2019ont pas su aller plus loin. <\/span><\/p>\n<p class=\"p1\"><span class=\"s1\">Savons-nous aller plus loin? Avons-nous ce sens de l\u2019honneur envers la paix, comme nous l\u2019avons envers la guerre et ses affaires? Malheureusement, je crois que nous sommes plus prompts \u00e0 tirer du fusil qu\u2019\u00e0 tirer de l\u2019amour. L\u2019inverse demande certes plus de travail. Par contre, cela d\u00e9truit moins. <\/span><\/p>\n<p class=\"p1\"><span class=\"s1\">L\u2019esp\u00e9rance de No\u00ebl \u2014 je l\u2019esp\u00e8re! \u2013 peut se cultiver tout au long de l\u2019ann\u00e9e. Il ne faut pas avoir peur de celle-ci, ou la prendre pour de la faiblesse. Parce que, ce qui \u00e9meut le plus lors de cette f\u00eate, c\u2019est la vue de la cr\u00e8che. La vue d\u2019un enfant n\u00e9 dans la paille, sans rien. <\/span><\/p>\n<p class=\"p1\"><span class=\"s1\">Sa faiblesse appelle notre force. La force de devenir solidaire. La force de travailler pour la justice. La force de ne plus regarder le mendiant comme un sous-humain. La force de ne plus avoir peur de transformer le monde afin que tous aient une chance de vivre d\u00e9cemment. Servir est un apprentissage. Une fois que nous avons appris \u00e0 le faire sans y chercher son propre int\u00e9r\u00eat, la bont\u00e9 qui nous habite peut grandir\u2026<\/span><\/p>\n<p class=\"p1\"><span class=\"s1\">Nous devenons \u00eatre de bont\u00e9. <\/span><\/p>\n<p class=\"p3\"><span class=\"s1\">*** <\/span><\/p>\n<p class=\"p1\"><span class=\"s1\">Je pleure chaque fois que j\u2019entends une chorale de petits chanteurs entonn\u00e9e des chants de No\u00ebl. Il y a tant d\u2019esp\u00e9rance et de l\u00e9g\u00e8ret\u00e9 dans la c\u00e9l\u00e9bration de cette incarnation! Tant d\u2019attentes qui parlent directement au c\u0153ur de l\u2019\u00eatre humain. <\/span><\/p>\n<p class=\"p1\"><span class=\"s1\">Que ces pleurs de joie, que la paix de ce Dieu enfant vous accompagnent chaque jour de l\u2019ann\u00e9e. Que cette paix fasse na\u00eetre en vous la joie nouvelle qui accompagne toute recherche de justice.<\/span><\/p>\n<p class=\"p1\" style=\"text-align: right;\"><strong><span class=\"s1\">Mario Bard<\/span><\/strong><\/p>\n<p class=\"p1\">\n","protected":false},"excerpt":{"rendered":"<p>Mon grain de sel, sur l&rsquo;\u00c9vangile du vendredi\u00a025 d\u00e9cembre 2015 par Mario Bard. Pourquoi?\u00a0 Pourquoi No\u00ebl n\u2019est-il pas tous les jours? Pourquoi cet esprit de g\u00e9n\u00e9rosit\u00e9, d\u2019amour et de gr\u00e2ce qui s\u2019empare soudainement des plus mesquins d\u2019entre nous ne gagne-t-il &hellip; <a href=\"https:\/\/relaismontroyal.org\/wp\/grain-de-sel-5\/\">Lire la suite\u00ad\u00ad<\/a><\/p>\n","protected":false},"author":2,"featured_media":25495,"comment_status":"open","ping_status":"open","sticky":false,"template":"","format":"standard","meta":{"jetpack_post_was_ever_published":false,"_jetpack_newsletter_access":"","_jetpack_dont_email_post_to_subs":false,"_jetpack_newsletter_tier_id":0,"_jetpack_memberships_contains_paywalled_content":false,"_jetpack_memberships_contains_paid_content":false,"footnotes":"","jetpack_publicize_message":"","jetpack_publicize_feature_enabled":true,"jetpack_social_post_already_shared":true,"jetpack_social_options":{"image_generator_settings":{"template":"highway","default_image_id":0,"font":"","enabled":false},"version":2}},"categories":[3,100],"tags":[49,25,42,101,182,21],"class_list":["post-134770","post","type-post","status-publish","format-standard","has-post-thumbnail","hentry","category-activites-spirituelles","category-grain-de-sel","tag-commentaire","tag-evangile","tag-evangiles","tag-grain-de-sel-2","tag-luc-2-1-20","tag-noel"],"jetpack_publicize_connections":[],"jetpack_featured_media_url":"https:\/\/i0.wp.com\/relaismontroyal.org\/wp\/wp-content\/uploads\/2014\/05\/Sel-romarin.jpg?fit=5184%2C3456&ssl=1","jetpack_sharing_enabled":true,"jetpack_likes_enabled":true,"_links":{"self":[{"href":"https:\/\/relaismontroyal.org\/wp\/wp-json\/wp\/v2\/posts\/134770","targetHints":{"allow":["GET"]}}],"collection":[{"href":"https:\/\/relaismontroyal.org\/wp\/wp-json\/wp\/v2\/posts"}],"about":[{"href":"https:\/\/relaismontroyal.org\/wp\/wp-json\/wp\/v2\/types\/post"}],"author":[{"embeddable":true,"href":"https:\/\/relaismontroyal.org\/wp\/wp-json\/wp\/v2\/users\/2"}],"replies":[{"embeddable":true,"href":"https:\/\/relaismontroyal.org\/wp\/wp-json\/wp\/v2\/comments?post=134770"}],"version-history":[{"count":1,"href":"https:\/\/relaismontroyal.org\/wp\/wp-json\/wp\/v2\/posts\/134770\/revisions"}],"predecessor-version":[{"id":134772,"href":"https:\/\/relaismontroyal.org\/wp\/wp-json\/wp\/v2\/posts\/134770\/revisions\/134772"}],"wp:featuredmedia":[{"embeddable":true,"href":"https:\/\/relaismontroyal.org\/wp\/wp-json\/wp\/v2\/media\/25495"}],"wp:attachment":[{"href":"https:\/\/relaismontroyal.org\/wp\/wp-json\/wp\/v2\/media?parent=134770"}],"wp:term":[{"taxonomy":"category","embeddable":true,"href":"https:\/\/relaismontroyal.org\/wp\/wp-json\/wp\/v2\/categories?post=134770"},{"taxonomy":"post_tag","embeddable":true,"href":"https:\/\/relaismontroyal.org\/wp\/wp-json\/wp\/v2\/tags?post=134770"}],"curies":[{"name":"wp","href":"https:\/\/api.w.org\/{rel}","templated":true}]}}