{"id":138376,"date":"2016-03-06T14:00:12","date_gmt":"2016-03-06T19:00:12","guid":{"rendered":"https:\/\/relaismontroyal.org\/wp\/?p=138376"},"modified":"2016-03-04T18:45:57","modified_gmt":"2016-03-04T23:45:57","slug":"retraite-de-meditation-8-10-avril-a-bondville","status":"publish","type":"post","link":"https:\/\/relaismontroyal.org\/wp\/retraite-de-meditation-8-10-avril-a-bondville\/","title":{"rendered":"Retraite de m\u00e9ditation du 8 au 10 avril \u00e0 Bondville"},"content":{"rendered":"<p><img data-recalc-dims=\"1\" loading=\"lazy\" decoding=\"async\" class=\"alignright size-medium wp-image-138346\" src=\"https:\/\/i0.wp.com\/relaismontroyal.org\/wp\/wp-content\/uploads\/2016\/02\/DSC_1382-300x200.jpg?resize=300%2C200\" alt=\"DSC_1382\" width=\"300\" height=\"200\" srcset=\"https:\/\/i0.wp.com\/relaismontroyal.org\/wp\/wp-content\/uploads\/2016\/02\/DSC_1382.jpg?resize=300%2C200&amp;ssl=1 300w, https:\/\/i0.wp.com\/relaismontroyal.org\/wp\/wp-content\/uploads\/2016\/02\/DSC_1382.jpg?w=700&amp;ssl=1 700w\" sizes=\"auto, (max-width: 300px) 100vw, 300px\" \/>Le Relais Mont-Royal relance l&rsquo;invitation \u00e0\u00a0<strong>la retraite de M\u00e9ditation<\/strong>\u00a0pr\u00e9vue en f\u00e9vrier et qui a \u00e9t\u00e9 annul\u00e9e \u00e0 la derni\u00e8re minute. Elle se d\u00e9roulera maintenant du\u00a0<strong>8\u00a0au 10 avril<\/strong>\u00a0\u00e0 Bondville, dans les Cantons de l&rsquo;Est.<\/p>\n<p>La technique de m\u00e9ditation sera\u00a0bas\u00e9e en grande partie sur les enseignements de\u00a0<em>Starets Ephrem<\/em>, un moine\u00a0peu\u00a0connu du Mont-Athos.<\/p>\n<p>Par ailleurs, comme d&rsquo;habitude, il y aura trois repas par jour pr\u00e9par\u00e9s\u00a0par\u00a0les participants et les frais ne d\u00e9passeront pas <strong>50 dollars<\/strong>\u00a0par personne.<\/p>\n<p>Inscrivez-vous en r\u00e9pondant aux commentaires ci-dessous, en vous manifestant en personne au Relais, ou encore\u00a0en contactant J\u00fcrgen.<\/p>\n<p>Au plaisir de m\u00e9diter ensemble!<\/p>\n","protected":false},"excerpt":{"rendered":"<p>Le Relais Mont-Royal relance l&rsquo;invitation \u00e0\u00a0la retraite de M\u00e9ditation\u00a0pr\u00e9vue en f\u00e9vrier et qui a \u00e9t\u00e9 annul\u00e9e \u00e0 la derni\u00e8re minute. Elle se d\u00e9roulera maintenant du\u00a08\u00a0au 10 avril\u00a0\u00e0 Bondville, dans les Cantons de l&rsquo;Est. La technique de m\u00e9ditation sera\u00a0bas\u00e9e en grande &hellip; <a href=\"https:\/\/relaismontroyal.org\/wp\/retraite-de-meditation-8-10-avril-a-bondville\/\">Lire la suite\u00ad\u00ad<\/a><\/p>\n","protected":false},"author":2,"featured_media":138346,"comment_status":"open","ping_status":"open","sticky":false,"template":"","format":"standard","meta":{"jetpack_post_was_ever_published":false,"_jetpack_newsletter_access":"","_jetpack_dont_email_post_to_subs":false,"_jetpack_newsletter_tier_id":0,"_jetpack_memberships_contains_paywalled_content":false,"_jetpack_memberships_contains_paid_content":false,"footnotes":"","jetpack_publicize_message":"","jetpack_publicize_feature_enabled":true,"jetpack_social_post_already_shared":true,"jetpack_social_options":{"image_generator_settings":{"template":"highway","default_image_id":0,"font":"","enabled":false},"version":2}},"categories":[3,35],"tags":[317,384,14,303,383],"class_list":["post-138376","post","type-post","status-publish","format-standard","has-post-thumbnail","hentry","category-activites-spirituelles","category-retraite-spirituelle","tag-meditation","tag-mont-athos","tag-retraite","tag-retraite-spirituelle","tag-starets-ephrem"],"jetpack_publicize_connections":[],"jetpack_featured_media_url":"https:\/\/i0.wp.com\/relaismontroyal.org\/wp\/wp-content\/uploads\/2016\/02\/DSC_1382.jpg?fit=700%2C466&ssl=1","jetpack_sharing_enabled":true,"jetpack_likes_enabled":true,"_links":{"self":[{"href":"https:\/\/relaismontroyal.org\/wp\/wp-json\/wp\/v2\/posts\/138376","targetHints":{"allow":["GET"]}}],"collection":[{"href":"https:\/\/relaismontroyal.org\/wp\/wp-json\/wp\/v2\/posts"}],"about":[{"href":"https:\/\/relaismontroyal.org\/wp\/wp-json\/wp\/v2\/types\/post"}],"author":[{"embeddable":true,"href":"https:\/\/relaismontroyal.org\/wp\/wp-json\/wp\/v2\/users\/2"}],"replies":[{"embeddable":true,"href":"https:\/\/relaismontroyal.org\/wp\/wp-json\/wp\/v2\/comments?post=138376"}],"version-history":[{"count":1,"href":"https:\/\/relaismontroyal.org\/wp\/wp-json\/wp\/v2\/posts\/138376\/revisions"}],"predecessor-version":[{"id":138377,"href":"https:\/\/relaismontroyal.org\/wp\/wp-json\/wp\/v2\/posts\/138376\/revisions\/138377"}],"wp:featuredmedia":[{"embeddable":true,"href":"https:\/\/relaismontroyal.org\/wp\/wp-json\/wp\/v2\/media\/138346"}],"wp:attachment":[{"href":"https:\/\/relaismontroyal.org\/wp\/wp-json\/wp\/v2\/media?parent=138376"}],"wp:term":[{"taxonomy":"category","embeddable":true,"href":"https:\/\/relaismontroyal.org\/wp\/wp-json\/wp\/v2\/categories?post=138376"},{"taxonomy":"post_tag","embeddable":true,"href":"https:\/\/relaismontroyal.org\/wp\/wp-json\/wp\/v2\/tags?post=138376"}],"curies":[{"name":"wp","href":"https:\/\/api.w.org\/{rel}","templated":true}]}}