{"id":138428,"date":"2016-04-06T08:30:48","date_gmt":"2016-04-06T12:30:48","guid":{"rendered":"https:\/\/relaismontroyal.org\/wp\/?p=138428"},"modified":"2016-04-06T08:25:29","modified_gmt":"2016-04-06T12:25:29","slug":"mon-grain-de-sel-65","status":"publish","type":"post","link":"https:\/\/relaismontroyal.org\/wp\/mon-grain-de-sel-65\/","title":{"rendered":"Mon grain de sel"},"content":{"rendered":"<h3><img data-recalc-dims=\"1\" loading=\"lazy\" decoding=\"async\" class=\"alignright wp-image-25495 size-thumbnail\" src=\"https:\/\/i0.wp.com\/relaismontroyal.org\/wp\/wp-content\/uploads\/2014\/05\/Sel-romarin-150x150.jpg?resize=150%2C150\" alt=\"Grain de Sel\" width=\"150\" height=\"150\" srcset=\"https:\/\/i0.wp.com\/relaismontroyal.org\/wp\/wp-content\/uploads\/2014\/05\/Sel-romarin.jpg?resize=150%2C150&amp;ssl=1 150w, https:\/\/i0.wp.com\/relaismontroyal.org\/wp\/wp-content\/uploads\/2014\/05\/Sel-romarin.jpg?resize=540%2C540&amp;ssl=1 540w, https:\/\/i0.wp.com\/relaismontroyal.org\/wp\/wp-content\/uploads\/2014\/05\/Sel-romarin.jpg?resize=270%2C270&amp;ssl=1 270w, https:\/\/i0.wp.com\/relaismontroyal.org\/wp\/wp-content\/uploads\/2014\/05\/Sel-romarin.jpg?zoom=3&amp;resize=150%2C150&amp;ssl=1 450w\" sizes=\"auto, (max-width: 150px) 100vw, 150px\" \/>Mon grain de sel, sur l&rsquo;\u00c9vangile du dimanche 10 avril 2016<\/h3>\n<h6>par Mario Bard.<\/h6>\n<p class=\"p1\"><span class=\"s1\"><b>Apprendre \u00e0 l\u00e2cher prise<\/b><\/span><\/p>\n<p class=\"p1\"><span class=\"s1\"><b>Pierre, celui que Ieshoua choisit pour \u00eatre Pasteur du troupeau. Un homme sans grande envergure, me semble-t-il, sinon un caract\u00e8re prompt, peut-\u00eatre m\u00eame col\u00e9rique. Nerveux, travailleur, mais peut-\u00eatre sans grand courage. Bref, un humain, comme nous tous. Le Pasteur choisi par Ieshoua n\u2019est pas un superh\u00e9ros, ni un pr\u00eatre de la caste des Saducc\u00e9ens, ou encore un pr\u00eatre des religions romaines. <\/b><\/span><\/p>\n<p class=\"p1\"><span class=\"s1\">C\u2019est un homme qui, de travail et de t\u00e9nacit\u00e9 \u2014 pugnace m\u00eame \u2014, \u00ab\u00a0r\u00e9colte\u00a0\u00bb le peuple de Dieu. Du fond des eaux de la mort \u2013 vision des anciens pour la mer \u2013, il accueille dans ses filets tous les peuples du monde. Il esp\u00e8re pour toutes ces nations un meilleur soleil. Un chemin qui pointe vers celui qui est mort et ressuscit\u00e9. De la croix, \u00e0 la vie. <\/span><\/p>\n<p class=\"p1\"><span class=\"s1\">Mais, pour y arriver, il faudra que le disciple l\u00e2che prise. Qu\u2019en vieillissant, il se laisse envahir par cet esprit de bont\u00e9! Si difficile \u00e0 suivre, puisqu\u2019il demande que le disciple accepte de plus en plus de l\u00e2cher prise sur sa propre volont\u00e9. Que celle-ci devienne une communion continuelle avec l\u2019esprit de Ieshoua, devenu Christ par la gr\u00e2ce d\u2019amour du P\u00e8re. <\/span><\/p>\n<p class=\"p1\"><span class=\"s1\">C\u2019est une \u00e9tape difficile, \u00ab\u00a0crucifiante\u00a0\u00bb si je puis dire, puisque l\u2019ivresse des d\u00e9buts de la conversion n\u2019est plus pr\u00e9sente. Apr\u00e8s les \u00ab\u00a0premi\u00e8res croix\u00a0\u00bb, la vitalit\u00e9 de la gr\u00e2ce premi\u00e8re peut se ternir. Le gout de servir s\u2019affadit, et la joie ressentie, devenir une id\u00e9e vague et lointaine\u2026 <\/span><\/p>\n<p class=\"p1\"><span class=\"s1\">Entretenir le feu devient alors essentiel<\/span><\/p>\n<p class=\"p1\"><span class=\"s1\">Aimer n\u2019est pas rose. Aimer est parfois ingrat, cruel, terrifiant. <\/span><\/p>\n<p class=\"p1\"><span class=\"s1\">Rien de la fin des contes de f\u00e9es. Un sentiment peut nous envahir\u00a0: celui que tout espoir est perdu. C\u2019est pour cela que s\u2019abandonner, dans la pri\u00e8re et les sacrements entre autres, peut nous aider \u00e0 traverser les d\u00e9serts in\u00e9vitables \u2013 sans vies apparentes \u2013 dans lesquelles nous marchons tous. <\/span><\/p>\n<p class=\"p2\"><span class=\"s1\"><span class=\"Apple-converted-space\">\u00a0\u00a0<\/span><\/span><\/p>\n<p class=\"p1\"><span class=\"s1\">Le symbole du coq chez Pierre est tr\u00e8s int\u00e9ressant. Au Qu\u00e9bec, on a cette expression\u00a0: faire le coq! Ou, quand j\u2019\u00e9tais petit, on me disait que j\u2019\u00e9tais un \u00ab\u00a0petit coq b\u00e8nd\u00e9\u00a0\u00bb (prononc\u00e9 le n), si je grimpais sur mes chevaux.<\/span><\/p>\n<p class=\"p1\"><span class=\"s1\">Je me demande si pour Pierre, ce n\u2019est pas un peu la m\u00eame chose. Apr\u00e8s tout, il est souvent repr\u00e9sent\u00e9, en plus de ce que j\u2019ai dit plus haut, comme col\u00e9rique et facile \u00e0 faire grimper sur ses grands chevaux\u2026 Le coq chante trois fois, comme pour narguer celui qui vient de nier conna\u00eetre ce ma\u00eetre extraordinaire. Comme si la vie disait\u00a0: l\u00e2che! Ton caract\u00e8re de coq te rattrape cher Pierre.<\/span><\/p>\n<p class=\"p1\"><span class=\"s1\">Pourtant, et tout \u00e0 sa d\u00e9fense, il l\u00e2che prise. Il pleure am\u00e8rement. C\u2019est aussi sa chance. Car, dans les pleurs, apparaissent et se dessinent parfois nos lendemains. Des larmes de crocodile font parfois place \u00e0 des remords sinc\u00e8res, qui sont un peu comme le fumier qui fait pousser la fleur\u2026 <\/span><\/p>\n<p class=\"p1\"><span class=\"s1\">Pour apprendre \u00e0 p\u00eacher, le disciple doit simplement se laisser aller \u00e0 servir le Christ. Graduellement, mais s\u00fbrement. Apprendre \u00e0 aimer. Apprendre \u00e0 devenir un disciple du Christ. Libre, et dont les ouis sont libres, avec la capacit\u00e9 de pleurer, pour mieux rebondir et marcher dans les pas de l\u2019Esprit. <\/span><\/p>\n<p class=\"p1\"><span class=\"s1\">Un coq qui doit l\u00e2cher prise pour enfin \u00eatre ceint de la libert\u00e9 de devenir et d\u2019\u00eatre un Pasteur.<\/span><\/p>\n<p class=\"p1\"><span class=\"s1\">Presque une paresse de la volont\u00e9 \u00e0 vouloir tant faire. <\/span><\/p>\n<p class=\"p1\"><span class=\"s1\">Fier de \u2018\u2019\u00catre un \u00eatre humain\u2019\u2019, mais humble jusqu\u2019\u00e0 la mort libre par amour pour tous. <\/span><\/p>\n<p class=\"p1\" style=\"text-align: right;\"><strong><span class=\"s1\">Mario Bard<\/span><\/strong><\/p>\n","protected":false},"excerpt":{"rendered":"<p>Mon grain de sel, sur l&rsquo;\u00c9vangile du dimanche 10 avril 2016 par Mario Bard. Apprendre \u00e0 l\u00e2cher prise Pierre, celui que Ieshoua choisit pour \u00eatre Pasteur du troupeau. Un homme sans grande envergure, me semble-t-il, sinon un caract\u00e8re prompt, peut-\u00eatre &hellip; <a href=\"https:\/\/relaismontroyal.org\/wp\/mon-grain-de-sel-65\/\">Lire la suite\u00ad\u00ad<\/a><\/p>\n","protected":false},"author":2,"featured_media":25495,"comment_status":"open","ping_status":"open","sticky":false,"template":"","format":"standard","meta":{"jetpack_post_was_ever_published":false,"_jetpack_newsletter_access":"","_jetpack_dont_email_post_to_subs":false,"_jetpack_newsletter_tier_id":0,"_jetpack_memberships_contains_paywalled_content":false,"_jetpack_memberships_contains_paid_content":false,"footnotes":"","jetpack_publicize_message":"","jetpack_publicize_feature_enabled":true,"jetpack_social_post_already_shared":true,"jetpack_social_options":{"image_generator_settings":{"template":"highway","default_image_id":0,"font":"","enabled":false},"version":2}},"categories":[3,100],"tags":[94,49,25,42,101,399],"class_list":["post-138428","post","type-post","status-publish","format-standard","has-post-thumbnail","hentry","category-activites-spirituelles","category-grain-de-sel","tag-3e-dimanche-de-paques","tag-commentaire","tag-evangile","tag-evangiles","tag-grain-de-sel-2","tag-jean-21-1-19"],"jetpack_publicize_connections":[],"jetpack_featured_media_url":"https:\/\/i0.wp.com\/relaismontroyal.org\/wp\/wp-content\/uploads\/2014\/05\/Sel-romarin.jpg?fit=5184%2C3456&ssl=1","jetpack_sharing_enabled":true,"jetpack_likes_enabled":true,"_links":{"self":[{"href":"https:\/\/relaismontroyal.org\/wp\/wp-json\/wp\/v2\/posts\/138428","targetHints":{"allow":["GET"]}}],"collection":[{"href":"https:\/\/relaismontroyal.org\/wp\/wp-json\/wp\/v2\/posts"}],"about":[{"href":"https:\/\/relaismontroyal.org\/wp\/wp-json\/wp\/v2\/types\/post"}],"author":[{"embeddable":true,"href":"https:\/\/relaismontroyal.org\/wp\/wp-json\/wp\/v2\/users\/2"}],"replies":[{"embeddable":true,"href":"https:\/\/relaismontroyal.org\/wp\/wp-json\/wp\/v2\/comments?post=138428"}],"version-history":[{"count":2,"href":"https:\/\/relaismontroyal.org\/wp\/wp-json\/wp\/v2\/posts\/138428\/revisions"}],"predecessor-version":[{"id":138442,"href":"https:\/\/relaismontroyal.org\/wp\/wp-json\/wp\/v2\/posts\/138428\/revisions\/138442"}],"wp:featuredmedia":[{"embeddable":true,"href":"https:\/\/relaismontroyal.org\/wp\/wp-json\/wp\/v2\/media\/25495"}],"wp:attachment":[{"href":"https:\/\/relaismontroyal.org\/wp\/wp-json\/wp\/v2\/media?parent=138428"}],"wp:term":[{"taxonomy":"category","embeddable":true,"href":"https:\/\/relaismontroyal.org\/wp\/wp-json\/wp\/v2\/categories?post=138428"},{"taxonomy":"post_tag","embeddable":true,"href":"https:\/\/relaismontroyal.org\/wp\/wp-json\/wp\/v2\/tags?post=138428"}],"curies":[{"name":"wp","href":"https:\/\/api.w.org\/{rel}","templated":true}]}}