{"id":139526,"date":"2017-07-19T08:30:48","date_gmt":"2017-07-19T12:30:48","guid":{"rendered":"https:\/\/relaismontroyal.org\/wp\/?p=139526"},"modified":"2017-07-19T07:41:59","modified_gmt":"2017-07-19T11:41:59","slug":"mon-grain-de-sel-129","status":"publish","type":"post","link":"https:\/\/relaismontroyal.org\/wp\/mon-grain-de-sel-129\/","title":{"rendered":"Mon grain de sel \u2014 pause estivale"},"content":{"rendered":"<h3><img data-recalc-dims=\"1\" loading=\"lazy\" decoding=\"async\" class=\"alignright wp-image-25495 size-thumbnail\" src=\"https:\/\/i0.wp.com\/relaismontroyal.org\/wp\/wp-content\/uploads\/2014\/05\/Sel-romarin-150x150.jpg?resize=150%2C150\" alt=\"Grain de Sel\" width=\"150\" height=\"150\" srcset=\"https:\/\/i0.wp.com\/relaismontroyal.org\/wp\/wp-content\/uploads\/2014\/05\/Sel-romarin.jpg?resize=150%2C150&amp;ssl=1 150w, https:\/\/i0.wp.com\/relaismontroyal.org\/wp\/wp-content\/uploads\/2014\/05\/Sel-romarin.jpg?resize=540%2C540&amp;ssl=1 540w, https:\/\/i0.wp.com\/relaismontroyal.org\/wp\/wp-content\/uploads\/2014\/05\/Sel-romarin.jpg?resize=270%2C270&amp;ssl=1 270w, https:\/\/i0.wp.com\/relaismontroyal.org\/wp\/wp-content\/uploads\/2014\/05\/Sel-romarin.jpg?zoom=3&amp;resize=150%2C150&amp;ssl=1 450w\" sizes=\"auto, (max-width: 150px) 100vw, 150px\" \/>Mon grain de sel \u2014 pause estivale<\/h3>\n<h6>par Mario Bard.<\/h6>\n<p>L\u2019\u00e9t\u00e9 est bien install\u00e9. Et, malgr\u00e9 la pluie qui revient sans cesse \u00e0 Montr\u00e9al, il est temps de faire une pause. Le Grain de sel fera rel\u00e2che pour les trois prochaines semaines (incluant celle-ci).<\/p>\n<p>\u00c0 votre tour, essayer de produire votre propre Grain de sel, pour vous ou bien pour les gens autour de vous!\u00a0 M\u00e9ditation de la Parole, retenir les mots qui reviennent souvent, les souligner, prier, \u00e9couter une musique inspir\u00e9e de la liturgie ou de la musique chr\u00e9tienne populaire.<\/p>\n<p>Puis, essayer de penser ce passage de l\u2019\u00c9vangile en lien avec un \u00e9v\u00e9nement d\u2019actualit\u00e9, que ce soit dans votre vie ou dans le monde. Amusez-vous! Ce n\u2019est pas n\u00e9cessaire de partager l\u2019exercice autour de vous, mais si vous le faites, cela vous obligera \u00e0 chercher \u00e0 \u00eatre clair et \u00e0 d\u00e9passer votre langage afin d\u2019\u00eatre mieux compris. Une fa\u00e7on d\u2019aiguiser encore plus ses connaissances de la Parole de Dieu.<\/p>\n<p>Et que la paix de Ieshoua vous accompagne dans toutes vos sorties d\u2019\u00e9t\u00e9!<\/p>\n<p style=\"text-align: right;\"><strong>Mario Bard<\/strong><\/p>\n","protected":false},"excerpt":{"rendered":"<p>Mon grain de sel \u2014 pause estivale par Mario Bard. L\u2019\u00e9t\u00e9 est bien install\u00e9. Et, malgr\u00e9 la pluie qui revient sans cesse \u00e0 Montr\u00e9al, il est temps de faire une pause. Le Grain de sel fera rel\u00e2che pour les trois &hellip; <a href=\"https:\/\/relaismontroyal.org\/wp\/mon-grain-de-sel-129\/\">Lire la suite\u00ad\u00ad<\/a><\/p>\n","protected":false},"author":2,"featured_media":25495,"comment_status":"open","ping_status":"open","sticky":false,"template":"","format":"standard","meta":{"jetpack_post_was_ever_published":false,"_jetpack_newsletter_access":"","_jetpack_dont_email_post_to_subs":false,"_jetpack_newsletter_tier_id":0,"_jetpack_memberships_contains_paywalled_content":false,"_jetpack_memberships_contains_paid_content":false,"footnotes":"","jetpack_publicize_message":"","jetpack_publicize_feature_enabled":true,"jetpack_social_post_already_shared":true,"jetpack_social_options":{"image_generator_settings":{"template":"highway","default_image_id":0,"font":"","enabled":false},"version":2}},"categories":[3,100],"tags":[49,25,42,101],"class_list":["post-139526","post","type-post","status-publish","format-standard","has-post-thumbnail","hentry","category-activites-spirituelles","category-grain-de-sel","tag-commentaire","tag-evangile","tag-evangiles","tag-grain-de-sel-2"],"jetpack_publicize_connections":[],"jetpack_featured_media_url":"https:\/\/i0.wp.com\/relaismontroyal.org\/wp\/wp-content\/uploads\/2014\/05\/Sel-romarin.jpg?fit=5184%2C3456&ssl=1","jetpack_sharing_enabled":true,"jetpack_likes_enabled":true,"_links":{"self":[{"href":"https:\/\/relaismontroyal.org\/wp\/wp-json\/wp\/v2\/posts\/139526","targetHints":{"allow":["GET"]}}],"collection":[{"href":"https:\/\/relaismontroyal.org\/wp\/wp-json\/wp\/v2\/posts"}],"about":[{"href":"https:\/\/relaismontroyal.org\/wp\/wp-json\/wp\/v2\/types\/post"}],"author":[{"embeddable":true,"href":"https:\/\/relaismontroyal.org\/wp\/wp-json\/wp\/v2\/users\/2"}],"replies":[{"embeddable":true,"href":"https:\/\/relaismontroyal.org\/wp\/wp-json\/wp\/v2\/comments?post=139526"}],"version-history":[{"count":2,"href":"https:\/\/relaismontroyal.org\/wp\/wp-json\/wp\/v2\/posts\/139526\/revisions"}],"predecessor-version":[{"id":139529,"href":"https:\/\/relaismontroyal.org\/wp\/wp-json\/wp\/v2\/posts\/139526\/revisions\/139529"}],"wp:featuredmedia":[{"embeddable":true,"href":"https:\/\/relaismontroyal.org\/wp\/wp-json\/wp\/v2\/media\/25495"}],"wp:attachment":[{"href":"https:\/\/relaismontroyal.org\/wp\/wp-json\/wp\/v2\/media?parent=139526"}],"wp:term":[{"taxonomy":"category","embeddable":true,"href":"https:\/\/relaismontroyal.org\/wp\/wp-json\/wp\/v2\/categories?post=139526"},{"taxonomy":"post_tag","embeddable":true,"href":"https:\/\/relaismontroyal.org\/wp\/wp-json\/wp\/v2\/tags?post=139526"}],"curies":[{"name":"wp","href":"https:\/\/api.w.org\/{rel}","templated":true}]}}