{"id":190247,"date":"2019-04-18T08:00:48","date_gmt":"2019-04-18T12:00:48","guid":{"rendered":"https:\/\/relaismontroyal.org\/wp\/?p=190247"},"modified":"2019-04-18T07:58:35","modified_gmt":"2019-04-18T11:58:35","slug":"mon-grain-de-sel-182","status":"publish","type":"post","link":"https:\/\/relaismontroyal.org\/wp\/mon-grain-de-sel-182\/","title":{"rendered":"Mon grain de sel"},"content":{"rendered":"<h3><img data-recalc-dims=\"1\" loading=\"lazy\" decoding=\"async\" class=\"alignright wp-image-25495 size-thumbnail\" src=\"https:\/\/i0.wp.com\/relaismontroyal.org\/wp\/wp-content\/uploads\/2014\/05\/Sel-romarin-150x150.jpg?resize=150%2C150\" alt=\"Grain de Sel\" width=\"150\" height=\"150\" srcset=\"https:\/\/i0.wp.com\/relaismontroyal.org\/wp\/wp-content\/uploads\/2014\/05\/Sel-romarin.jpg?resize=150%2C150&amp;ssl=1 150w, https:\/\/i0.wp.com\/relaismontroyal.org\/wp\/wp-content\/uploads\/2014\/05\/Sel-romarin.jpg?resize=540%2C540&amp;ssl=1 540w, https:\/\/i0.wp.com\/relaismontroyal.org\/wp\/wp-content\/uploads\/2014\/05\/Sel-romarin.jpg?resize=270%2C270&amp;ssl=1 270w, https:\/\/i0.wp.com\/relaismontroyal.org\/wp\/wp-content\/uploads\/2014\/05\/Sel-romarin.jpg?zoom=3&amp;resize=150%2C150&amp;ssl=1 450w\" sizes=\"auto, (max-width: 150px) 100vw, 150px\" \/>Mon grain de sel, sur l&rsquo;\u00c9vangile du dimanche 21 avril 2019<\/h3>\n<h6><strong>par Mario Bard<\/strong><\/h6>\n<p class=\"p1\"><strong><span class=\"s1\">Transcender la souffrance<\/span><\/strong><\/p>\n<p class=\"p1\"><span class=\"s1\"><em>Un monde en pleine mutation; des d\u00e9couvertes impressionnantes \u00e0 tous les jours; des autoritarismes qui reprennent le dessus sur les syst\u00e8mes d\u00e9mocratiques qui se sont appesantis \u00e0 cause de notre paresse et de notre manque de volont\u00e9. Et puis\u00a0: Notre-Dame de Paris br\u00fble.<\/em> <\/span><\/p>\n<p class=\"p4\"><span class=\"s1\">Quel hasard qu\u2019un monument \u00e0 la fois aussi puissant, mais fin comme de la dentelle, soit en partie d\u00e9truit au tout d\u00e9but de la Semaine sainte. Bien s\u00fbr, nous pouvons aussi dire que \u00e7a n\u2019a rien \u00e0 voir et que cette image de destruction d\u2019un joyau de l\u2019\u00c9glise et de l\u2019humanit\u00e9 ne doit pas interf\u00e9rer dans les affaires courantes; crise des abus, perte d\u2019influence du haut clerg\u00e9 aupr\u00e8s d\u2019une population \u2013 membres de l\u2019\u00c9glise compris \u2013 qui n\u2019a plus confiance en eux, perte de fraternit\u00e9 et de simplicit\u00e9 au c\u0153ur m\u00eame de l\u2019\u00c9glise. <\/span><\/p>\n<p class=\"p4\"><span class=\"s1\">Et si une nouvelle \u00c9glise pouvait na\u00eetre? Purifi\u00e9 par un feu d\u2019amour, le retour au message et aux gestes essentiels du Christ Ieshoua trouverait de nouveau leur place dans la vie de l\u2019\u00c9glise. Le Concile Vatican\u00a0II nous a permis de purifier bien davantage notre rapport \u00e0 Dieu, \u00e0 l\u2019autorit\u00e9, aux autres. <\/span><\/p>\n<p class=\"p4\"><span class=\"s1\">Le feu d\u2019un amour plus grand et plus important que nous est un cadeau. Il permet la r\u00e9surrection tous les jours. Le retour du Christ qui se fait par de petits gestes inspir\u00e9s de l\u2019\u00c9vangile\u00a0: donner du pain, encourager, partager, etc. <\/span><\/p>\n<p class=\"p6\"><span class=\"s1\">\u00ab\u00a0Cette trag\u00e9die intervient \u00e0 un moment important du calendrier chr\u00e9tien, et, au-del\u00e0, dans un contexte o\u00f9 notre soci\u00e9t\u00e9 est fractur\u00e9e, divis\u00e9e et menac\u00e9e par les haines. Elle nous rappelle avec force que dans ce monde difficile et qui perd parfois ses rep\u00e8res, nous avons plus que jamais besoin de fraternit\u00e9, de solidarit\u00e9, d\u2019unit\u00e9 et de partage\u00a0\u00bb a d\u00e9clar\u00e9 Philippe Meyer, pr\u00e9sident du B\u2019nai B\u2019rith France.<\/span><\/p>\n<p class=\"p8\"><span class=\"s1\">*** <\/span><\/p>\n<p class=\"p4\"><span class=\"s1\">Un amour plus grand que celui que je porte peut na\u00eetre si je n\u2019ai pas peur de donner \u00e0 l\u2019\u00c9vangile la premi\u00e8re place en mon c\u0153ur. La foi chr\u00e9tienne devrait toujours \u00eatre li\u00e9e \u00e0 l\u2019amour g\u00e9n\u00e9r\u00e9 sur la croix. Un amour plus grand que celui que je peux donner seul et par moi-m\u00eame. Bien s\u00fbr, ce n\u2019est rien de facile\u00a0: il faut se colletailler aux autres, aux caract\u00e8res impr\u00e9visibles, aux mauvais temps du c\u0153ur qui rendent parfois les gens m\u00e9chants et peu solidaires.<\/span><\/p>\n<p class=\"p4\"><span class=\"s1\">Si je d\u00e9cide librement de suivre Ieshoua, agir pour la bont\u00e9, bien qu\u2019elle soit difficile \u00e0 mettre en action, nourrit mon coeur et ma vie. La souffrance de nos croix, si elle est transcend\u00e9e par un amour plus grand, peut devenir un tremplin pour que se d\u00e9veloppe, partout dans le monde, un avenir meilleur. Une r\u00e9surrection qui porte les traces d\u2019un amour d\u00e9cid\u00e9 et voulu. <\/span><\/p>\n<p class=\"p4\" style=\"text-align: right;\"><strong><span class=\"s1\">Mario Bard <\/span><\/strong><\/p>\n","protected":false},"excerpt":{"rendered":"<p>Mon grain de sel, sur l&rsquo;\u00c9vangile du dimanche 21 avril 2019 par Mario Bard Transcender la souffrance Un monde en pleine mutation; des d\u00e9couvertes impressionnantes \u00e0 tous les jours; des autoritarismes qui reprennent le dessus sur les syst\u00e8mes d\u00e9mocratiques qui &hellip; <a href=\"https:\/\/relaismontroyal.org\/wp\/mon-grain-de-sel-182\/\">Lire la suite\u00ad\u00ad<\/a><\/p>\n","protected":false},"author":2,"featured_media":25495,"comment_status":"open","ping_status":"open","sticky":false,"template":"","format":"standard","meta":{"jetpack_post_was_ever_published":false,"_jetpack_newsletter_access":"","_jetpack_dont_email_post_to_subs":false,"_jetpack_newsletter_tier_id":0,"_jetpack_memberships_contains_paywalled_content":false,"_jetpack_memberships_contains_paid_content":false,"footnotes":"","jetpack_publicize_message":"","jetpack_publicize_feature_enabled":true,"jetpack_social_post_already_shared":true,"jetpack_social_options":{"image_generator_settings":{"template":"highway","default_image_id":0,"font":"","enabled":false},"version":2}},"categories":[3,100],"tags":[49,25,42,101,397,505,245,74,249,398],"class_list":["post-190247","post","type-post","status-publish","format-standard","has-post-thumbnail","hentry","category-activites-spirituelles","category-grain-de-sel","tag-commentaire","tag-evangile","tag-evangiles","tag-grain-de-sel-2","tag-luc-24-1-12","tag-lumiere","tag-lumiere-du-monde","tag-paques","tag-ressuscite","tag-vigile-pascale"],"jetpack_publicize_connections":[],"jetpack_featured_media_url":"https:\/\/i0.wp.com\/relaismontroyal.org\/wp\/wp-content\/uploads\/2014\/05\/Sel-romarin.jpg?fit=5184%2C3456&ssl=1","jetpack_sharing_enabled":true,"jetpack_likes_enabled":true,"_links":{"self":[{"href":"https:\/\/relaismontroyal.org\/wp\/wp-json\/wp\/v2\/posts\/190247","targetHints":{"allow":["GET"]}}],"collection":[{"href":"https:\/\/relaismontroyal.org\/wp\/wp-json\/wp\/v2\/posts"}],"about":[{"href":"https:\/\/relaismontroyal.org\/wp\/wp-json\/wp\/v2\/types\/post"}],"author":[{"embeddable":true,"href":"https:\/\/relaismontroyal.org\/wp\/wp-json\/wp\/v2\/users\/2"}],"replies":[{"embeddable":true,"href":"https:\/\/relaismontroyal.org\/wp\/wp-json\/wp\/v2\/comments?post=190247"}],"version-history":[{"count":2,"href":"https:\/\/relaismontroyal.org\/wp\/wp-json\/wp\/v2\/posts\/190247\/revisions"}],"predecessor-version":[{"id":190249,"href":"https:\/\/relaismontroyal.org\/wp\/wp-json\/wp\/v2\/posts\/190247\/revisions\/190249"}],"wp:featuredmedia":[{"embeddable":true,"href":"https:\/\/relaismontroyal.org\/wp\/wp-json\/wp\/v2\/media\/25495"}],"wp:attachment":[{"href":"https:\/\/relaismontroyal.org\/wp\/wp-json\/wp\/v2\/media?parent=190247"}],"wp:term":[{"taxonomy":"category","embeddable":true,"href":"https:\/\/relaismontroyal.org\/wp\/wp-json\/wp\/v2\/categories?post=190247"},{"taxonomy":"post_tag","embeddable":true,"href":"https:\/\/relaismontroyal.org\/wp\/wp-json\/wp\/v2\/tags?post=190247"}],"curies":[{"name":"wp","href":"https:\/\/api.w.org\/{rel}","templated":true}]}}