{"id":190472,"date":"2019-11-27T08:30:48","date_gmt":"2019-11-27T13:30:48","guid":{"rendered":"https:\/\/relaismontroyal.org\/wp\/?p=190472"},"modified":"2019-11-27T08:29:34","modified_gmt":"2019-11-27T13:29:34","slug":"mon-grain-de-sel-207","status":"publish","type":"post","link":"https:\/\/relaismontroyal.org\/wp\/mon-grain-de-sel-207\/","title":{"rendered":"Mon grain de sel"},"content":{"rendered":"<h3><img data-recalc-dims=\"1\" loading=\"lazy\" decoding=\"async\" class=\"alignright wp-image-25495 size-thumbnail\" src=\"https:\/\/i0.wp.com\/relaismontroyal.org\/wp\/wp-content\/uploads\/2014\/05\/Sel-romarin-150x150.jpg?resize=150%2C150\" alt=\"Grain de Sel\" width=\"150\" height=\"150\" srcset=\"https:\/\/i0.wp.com\/relaismontroyal.org\/wp\/wp-content\/uploads\/2014\/05\/Sel-romarin.jpg?resize=150%2C150&amp;ssl=1 150w, https:\/\/i0.wp.com\/relaismontroyal.org\/wp\/wp-content\/uploads\/2014\/05\/Sel-romarin.jpg?resize=540%2C540&amp;ssl=1 540w, https:\/\/i0.wp.com\/relaismontroyal.org\/wp\/wp-content\/uploads\/2014\/05\/Sel-romarin.jpg?resize=270%2C270&amp;ssl=1 270w, https:\/\/i0.wp.com\/relaismontroyal.org\/wp\/wp-content\/uploads\/2014\/05\/Sel-romarin.jpg?zoom=3&amp;resize=150%2C150&amp;ssl=1 450w\" sizes=\"auto, (max-width: 150px) 100vw, 150px\" \/>Mon grain de sel, sur l&rsquo;\u00c9vangile du dimanche 1er d\u00e9cembre 2019<\/h3>\n<h6>par Mario Bard.<\/h6>\n<p><strong>Sommes-nous pr\u00eats \u00e0 accueillir? <\/strong><\/p>\n<p><em>\u00ab\u00a0Toujours pr\u00eat!\u00a0\u00bb Cette devise des scouts que je connais depuis mon enfance peut tr\u00e8s bien s\u2019appliquer au premier Dimanche de l\u2019Avent. Sommes-nous pr\u00eats \u00e0 accueillir le Fils de l\u2019homme?<\/em><\/p>\n<p>L\u2019importance est de d\u00e9finir qui est ce Fils de l\u2019homme. Une figure eschatologique lointaine, brillante et sans \u00e2me qui r\u00e8gnera comme un tyran sur les pauvres stupides humains que nous sommes? Pendant 1000 ans affirment \u00e0 tout vent certaines \u00c9glises&#8230; La paix viendra, mais \u00e0 quel prix\u2026 et pour qui? Ou bien est-ce l\u2019\u00eatre humain lui-m\u00eame qui est ainsi nomm\u00e9 par Ieshoua de Nazareth, pour nous rappeler toute l\u2019importance de l\u2019humanit\u00e9, Femme et Homme? Le terme de Fils de l\u2019homme est prononc\u00e9 70 fois dans les \u00c9vangiles, \u00ab\u00a0exclusivement sur les l\u00e8vres de J\u00e9sus!\u00a0\u00bb, nous apprend le site web <a href=\"https:\/\/croire.la-croix.com\/Definitions\/Bible\/Jesus\/Dans-la-Bible-que-signifie-l-expression-Fils-de-l-homme\">croire.la-croix.com<\/a>. Un terme qui, visiblement, importe pour le proph\u00e8te de Nazareth.<\/p>\n<p>Pourtant, selon le m\u00eame site web, Ieshoua laisse l\u2019interlocuteur libre d\u2019interpr\u00e9ter. Voici un extrait de croire.la-croix.com.<\/p>\n<blockquote><p><em>\u00ab\u00a0Il vit discr\u00e8tement, sans revendiquer sa filiation divine.<br \/>\nMais l\u2019expression renferme aussi une allusion nette \u00e0 l\u2019apocalyptique<br \/>\nque tout juif est susceptible d\u2019entendre.<br \/>\nElle laisse entrevoir l\u2019autre face, plus myst\u00e9rieuse, de son identit\u00e9.<br \/>\nCet homme a un rapport particulier \u00e0 Dieu qui \u201ca mis en lui tout son amour\u201d.<br \/>\nIl est le Fils de Dieu.<\/em><\/p>\n<p><em>L\u2019expression laisse donc ses interlocuteurs libres.<br \/>\nLibres d\u2019ignorer qui est J\u00e9sus, de le questionner sur son identit\u00e9 ou de se mettre \u00e0 sa suite. Finalement\u00a0: celui qui a des oreilles qu\u2019il entende!\u00a0\u00bb<\/em><\/p><\/blockquote>\n<p>Cette explication m\u2019int\u00e9resse beaucoup, dans la mesure o\u00f9 elle permet d\u2019aller plus loin dans la compr\u00e9hension de ce que l\u2019\u00eatre humain \u2013 quel que soit son sexe, genre, orientation, race, rang social, etc. \u2013, un humain qui vit en symbiose avec le Dieu de Ieshoua, devenu Christ par la gr\u00e2ce d\u2019un Dieu qui n\u2019est qu\u2019amour. Ce n\u2019est pas lui qui s\u2019\u00e9l\u00e8ve, mais bien Dieu qui l\u2019\u00e9l\u00e8ve. Le destin de l\u2019Homme de Nazareth, si cela existe, est de donner aux humains un apprentissage de ce qu\u2019ils peuvent accomplir avec la gr\u00e2ce de Dieu.<\/p>\n<p>De ce dialogue entre un Dieu qui n\u2019est qu\u2019amour et l\u2019humain, le Fils de l\u2019homme peut surgir. Nouvelle humanit\u00e9 pr\u00eate \u00e0 partager, gu\u00e9rir, aider, soutenir\u2026 et souffrir. Car, avouons-le, ce n\u2019est pas sans souffrance que nous abandonnons notre ego \u00e0 Dieu. Se laisser mouler dans sa libert\u00e9 est parfois complexe. Mais, jamais ce Dieu d\u2019amour ne nous abandonne. Il veut plut\u00f4t nous apprendre ce qu\u2019est l\u2019\u00eatre humain int\u00e9gral, ce qu\u2019il peut devenir.<\/p>\n<p>Au lieu d\u2019\u00eatre un surhomme qui finit par se lasser de lui-m\u00eame au risque du suicide, il nous m\u00e8ne sur des pr\u00e9s fra\u00eeches. Et, dans un esprit \u00e9vang\u00e9lique, il est celui qui console un autre \u00eatre humain. Encore faut-il que, lorsque viendront les gens qui auront besoin d\u2019\u00eatre consol\u00e9, gu\u00e9rit, aider, soutenu\u2026 encore faut-il que ces personnes soient reconnues et nous soyons pr\u00eats \u00e0 les recevoir, comme de v\u00e9ritables fils et filles de Dieu.<\/p>\n<p>\u00ab\u00a0Tenez-vous donc pr\u00eats, vous aussi\u00a0: c\u2019est \u00e0 l\u2019heure o\u00f9 vous n\u2019y penserez pas que le Fils de l\u2019homme viendra.\u00a0\u00bb<\/p>\n<p>Serons-nous pr\u00eats \u00e0 soutenir? Serons-nous pr\u00eats \u00e0 aider? Serons-nous pr\u00eats \u00e0 consoler? Serons-nous pr\u00eats \u00e0 aimer au risque de la croix? Serons-nous pr\u00eats \u00e0 accueillir en nous un Dieu qui n\u2019est qu\u2019amour?<\/p>\n<p style=\"text-align: right;\"><strong>Mario Bard<\/strong><\/p>\n<p>&nbsp;<\/p>\n","protected":false},"excerpt":{"rendered":"<p>Mon grain de sel, sur l&rsquo;\u00c9vangile du dimanche 1er d\u00e9cembre 2019 par Mario Bard. Sommes-nous pr\u00eats \u00e0 accueillir? \u00ab\u00a0Toujours pr\u00eat!\u00a0\u00bb Cette devise des scouts que je connais depuis mon enfance peut tr\u00e8s bien s\u2019appliquer au premier Dimanche de l\u2019Avent. Sommes-nous &hellip; <a href=\"https:\/\/relaismontroyal.org\/wp\/mon-grain-de-sel-207\/\">Lire la suite\u00ad\u00ad<\/a><\/p>\n","protected":false},"author":2,"featured_media":25495,"comment_status":"open","ping_status":"open","sticky":false,"template":"","format":"standard","meta":{"jetpack_post_was_ever_published":false,"_jetpack_newsletter_access":"","_jetpack_dont_email_post_to_subs":false,"_jetpack_newsletter_tier_id":0,"_jetpack_memberships_contains_paywalled_content":false,"_jetpack_memberships_contains_paid_content":false,"footnotes":"","jetpack_publicize_message":"","jetpack_publicize_feature_enabled":true,"jetpack_social_post_already_shared":true,"jetpack_social_options":{"image_generator_settings":{"template":"highway","default_image_id":0,"font":"","enabled":false},"version":2}},"categories":[3,100],"tags":[174,49,25,42,101,445],"class_list":["post-190472","post","type-post","status-publish","format-standard","has-post-thumbnail","hentry","category-activites-spirituelles","category-grain-de-sel","tag-1er-avent","tag-commentaire","tag-evangile","tag-evangiles","tag-grain-de-sel-2","tag-matthieu-24-37-44"],"jetpack_publicize_connections":[],"jetpack_featured_media_url":"https:\/\/i0.wp.com\/relaismontroyal.org\/wp\/wp-content\/uploads\/2014\/05\/Sel-romarin.jpg?fit=5184%2C3456&ssl=1","jetpack_sharing_enabled":true,"jetpack_likes_enabled":true,"_links":{"self":[{"href":"https:\/\/relaismontroyal.org\/wp\/wp-json\/wp\/v2\/posts\/190472","targetHints":{"allow":["GET"]}}],"collection":[{"href":"https:\/\/relaismontroyal.org\/wp\/wp-json\/wp\/v2\/posts"}],"about":[{"href":"https:\/\/relaismontroyal.org\/wp\/wp-json\/wp\/v2\/types\/post"}],"author":[{"embeddable":true,"href":"https:\/\/relaismontroyal.org\/wp\/wp-json\/wp\/v2\/users\/2"}],"replies":[{"embeddable":true,"href":"https:\/\/relaismontroyal.org\/wp\/wp-json\/wp\/v2\/comments?post=190472"}],"version-history":[{"count":2,"href":"https:\/\/relaismontroyal.org\/wp\/wp-json\/wp\/v2\/posts\/190472\/revisions"}],"predecessor-version":[{"id":190476,"href":"https:\/\/relaismontroyal.org\/wp\/wp-json\/wp\/v2\/posts\/190472\/revisions\/190476"}],"wp:featuredmedia":[{"embeddable":true,"href":"https:\/\/relaismontroyal.org\/wp\/wp-json\/wp\/v2\/media\/25495"}],"wp:attachment":[{"href":"https:\/\/relaismontroyal.org\/wp\/wp-json\/wp\/v2\/media?parent=190472"}],"wp:term":[{"taxonomy":"category","embeddable":true,"href":"https:\/\/relaismontroyal.org\/wp\/wp-json\/wp\/v2\/categories?post=190472"},{"taxonomy":"post_tag","embeddable":true,"href":"https:\/\/relaismontroyal.org\/wp\/wp-json\/wp\/v2\/tags?post=190472"}],"curies":[{"name":"wp","href":"https:\/\/api.w.org\/{rel}","templated":true}]}}