{"id":191760,"date":"2021-05-12T08:00:00","date_gmt":"2021-05-12T12:00:00","guid":{"rendered":"https:\/\/relaismontroyal.org\/wp\/?p=191760"},"modified":"2021-05-12T17:59:32","modified_gmt":"2021-05-12T21:59:32","slug":"soiree-de-priere-avec-les-chants-de-taize-39","status":"publish","type":"post","link":"https:\/\/relaismontroyal.org\/wp\/soiree-de-priere-avec-les-chants-de-taize-39\/","title":{"rendered":"Soir\u00e9e de pri\u00e8re avec les Chants de Taiz\u00e9 \u00e0 19h30"},"content":{"rendered":"<p><img data-recalc-dims=\"1\" loading=\"lazy\" decoding=\"async\" class=\"alignright wp-image-190630 size-thumbnail\" src=\"https:\/\/i0.wp.com\/relaismontroyal.org\/wp\/wp-content\/uploads\/2020\/03\/Croix_de_Taize%CC%81.jpg?resize=150%2C150&#038;ssl=1\" alt=\"\" width=\"150\" height=\"150\" srcset=\"https:\/\/i0.wp.com\/relaismontroyal.org\/wp\/wp-content\/uploads\/2020\/03\/Croix_de_Taize%CC%81.jpg?resize=150%2C150&amp;ssl=1 150w, https:\/\/i0.wp.com\/relaismontroyal.org\/wp\/wp-content\/uploads\/2020\/03\/Croix_de_Taize%CC%81.jpg?resize=540%2C540&amp;ssl=1 540w, https:\/\/i0.wp.com\/relaismontroyal.org\/wp\/wp-content\/uploads\/2020\/03\/Croix_de_Taize%CC%81.jpg?resize=270%2C270&amp;ssl=1 270w, https:\/\/i0.wp.com\/relaismontroyal.org\/wp\/wp-content\/uploads\/2020\/03\/Croix_de_Taize%CC%81.jpg?zoom=3&amp;resize=150%2C150&amp;ssl=1 450w\" sizes=\"auto, (max-width: 150px) 100vw, 150px\" \/>Nous vous invitons \u00e0 venir au Relais pour participer \u00e0 <span style=\"text-decoration: underline;\"><strong>notre soir\u00e9e de pri\u00e8re avec les chants de Taiz\u00e9<\/strong><\/span> qui aura lieu ce soir (<span style=\"text-decoration: underline;\">mercredi 12 mai 2021<\/span>) \u00e0 19h30.<\/p>\n<hr \/>\n<p>Si vous souhaitez vous joindre \u00e0 nous en personne, il vous faudra <span style=\"text-decoration: underline;\"><strong>respecter les consignes d&rsquo;hygi\u00e8ne et de distanciation<\/strong><\/span> impos\u00e9es par la sant\u00e9 publique: absence de sympt\u00f4mes, lavage des mains \u00e0 l&rsquo;entr\u00e9e, et port d&rsquo;un <span style=\"text-decoration: underline;\"><strong>masque<\/strong> <strong>chirurgical<\/strong><\/span> de mani\u00e8re appropri\u00e9e \u2014 bouche et nez couverts en tout temps, ainsi que de conserver une distance de 2m entre toutes les personnes qui n&rsquo;habitent pas \u00e0 la m\u00eame adresse.<\/p>\n<p><strong>Il est obligatoire d\u2019<\/strong><strong>entrer par la porte principale<\/strong><strong> qui ne sera ouverte que jusqu\u2019\u00e0 19h30<\/strong>.\u00a0<span style=\"text-decoration: underline;\"><strong>Venez en avance<\/strong><\/span>, car ensuite la porte est barr\u00e9e et il n\u2019est plus possible d\u2019entrer. La sortie se fera comme d\u2019habitude par la porte arri\u00e8re qui donne sur le stationnement de la rue Berri.<\/p>\n<hr \/>\n<p>Nous vous proposons \u00e9galement une <span style=\"text-decoration: underline;\"><strong>captation vid\u00e9o en direct<\/strong><\/span> de notre soir\u00e9e de pri\u00e8re qui sera diffus\u00e9e sur YouTube (lien ci-dessous). Si vous ne pouvez pas vous rendre en personne au Relais, nous vous invitons \u00e0 vous r\u00e9unir virtuellement avec nous, pour vivre ensemble notre soir\u00e9e de pri\u00e8re.<\/p>\n<p>Si vous \u00eates sur place avec nous et que vous refusez de voir votre image appara\u00eetre \u00e0 l&rsquo;\u00e9cran, il vous est possible de vous placer en arri\u00e8re de la cam\u00e9ra sur l&rsquo;un des bancs disponible \u00e0 cet effet.<\/p>\n<p>La retransmission commencera \u00e0 partir de <strong>19h30<\/strong>.\u00a0<\/p>\n<hr \/>\n<p><a href=\"https:\/\/www.youtube.com\/watch?v=6en3eGvrDBc\">Suivez ce lien pour la voir en direct sur YouTube, d\u00e8s qu&rsquo;elle aura d\u00e9but\u00e9.<\/a><\/p>\n<div class=\"kad-youtube-shortcode videofit\"  ><iframe loading=\"lazy\" width=\"600\" height=\"400\" src=\"\/\/www.youtube.com\/embed\/6en3eGvrDBc?autoplay=0&amp;controls=1&amp;fs=1&amp;modestbranding=0&amp;theme=dark&amp;rel=0&amp;loop=0\" frameborder=\"0\" allowfullscreen=\"true\"><\/iframe><\/div>\n<p>Fraternellement et en communaut\u00e9 de pri\u00e8re!<\/p>\n\n\n<p><\/p>\n","protected":false},"excerpt":{"rendered":"<p>Nous vous invitons \u00e0 venir au Relais pour participer \u00e0 notre soir\u00e9e de pri\u00e8re avec les chants de Taiz\u00e9 qui aura lieu ce soir (mercredi 12 mai 2021) \u00e0 19h30. Si vous souhaitez vous joindre \u00e0 nous en personne, il &hellip; <a href=\"https:\/\/relaismontroyal.org\/wp\/soiree-de-priere-avec-les-chants-de-taize-39\/\">Lire la suite\u00ad\u00ad<\/a><\/p>\n","protected":false},"author":2,"featured_media":190630,"comment_status":"open","ping_status":"open","sticky":false,"template":"","format":"standard","meta":{"jetpack_post_was_ever_published":false,"_jetpack_newsletter_access":"","_jetpack_dont_email_post_to_subs":false,"_jetpack_newsletter_tier_id":0,"_jetpack_memberships_contains_paywalled_content":false,"_jetpack_memberships_contains_paid_content":false,"footnotes":"","jetpack_publicize_message":"","jetpack_publicize_feature_enabled":true,"jetpack_social_post_already_shared":true,"jetpack_social_options":{"image_generator_settings":{"template":"highway","default_image_id":0,"font":"","enabled":false},"version":2}},"categories":[3,602],"tags":[268,165,269,611],"class_list":["post-191760","post","type-post","status-publish","format-standard","has-post-thumbnail","hentry","category-activites-spirituelles","category-chants-de-taize","tag-7e-dimanche-de-paques","tag-chants-de-taize","tag-marc-16-14-20","tag-soiree-de-prieres"],"jetpack_publicize_connections":[],"jetpack_featured_media_url":"https:\/\/i0.wp.com\/relaismontroyal.org\/wp\/wp-content\/uploads\/2020\/03\/Croix_de_Taize%CC%81.jpg?fit=1550%2C1041&ssl=1","jetpack_sharing_enabled":true,"jetpack_likes_enabled":true,"_links":{"self":[{"href":"https:\/\/relaismontroyal.org\/wp\/wp-json\/wp\/v2\/posts\/191760","targetHints":{"allow":["GET"]}}],"collection":[{"href":"https:\/\/relaismontroyal.org\/wp\/wp-json\/wp\/v2\/posts"}],"about":[{"href":"https:\/\/relaismontroyal.org\/wp\/wp-json\/wp\/v2\/types\/post"}],"author":[{"embeddable":true,"href":"https:\/\/relaismontroyal.org\/wp\/wp-json\/wp\/v2\/users\/2"}],"replies":[{"embeddable":true,"href":"https:\/\/relaismontroyal.org\/wp\/wp-json\/wp\/v2\/comments?post=191760"}],"version-history":[{"count":3,"href":"https:\/\/relaismontroyal.org\/wp\/wp-json\/wp\/v2\/posts\/191760\/revisions"}],"predecessor-version":[{"id":191770,"href":"https:\/\/relaismontroyal.org\/wp\/wp-json\/wp\/v2\/posts\/191760\/revisions\/191770"}],"wp:featuredmedia":[{"embeddable":true,"href":"https:\/\/relaismontroyal.org\/wp\/wp-json\/wp\/v2\/media\/190630"}],"wp:attachment":[{"href":"https:\/\/relaismontroyal.org\/wp\/wp-json\/wp\/v2\/media?parent=191760"}],"wp:term":[{"taxonomy":"category","embeddable":true,"href":"https:\/\/relaismontroyal.org\/wp\/wp-json\/wp\/v2\/categories?post=191760"},{"taxonomy":"post_tag","embeddable":true,"href":"https:\/\/relaismontroyal.org\/wp\/wp-json\/wp\/v2\/tags?post=191760"}],"curies":[{"name":"wp","href":"https:\/\/api.w.org\/{rel}","templated":true}]}}