{"id":192035,"date":"2021-10-16T15:00:00","date_gmt":"2021-10-16T19:00:00","guid":{"rendered":"https:\/\/relaismontroyal.org\/wp\/?p=192035"},"modified":"2021-10-16T21:17:22","modified_gmt":"2021-10-17T01:17:22","slug":"concert-de-musique-carmen-de-georges-bizet","status":"publish","type":"post","link":"https:\/\/relaismontroyal.org\/wp\/concert-de-musique-carmen-de-georges-bizet\/","title":{"rendered":"Concert de musique: Carmen de Georges Bizet"},"content":{"rendered":"<p><a href=\"https:\/\/i0.wp.com\/relaismontroyal.org\/wp\/wp-content\/uploads\/2018\/09\/Affiche-concert-Patry-web-F.jpg?ssl=1\"><img data-recalc-dims=\"1\" loading=\"lazy\" decoding=\"async\" class=\"alignright size-medium wp-image-192036\" src=\"https:\/\/i0.wp.com\/relaismontroyal.org\/wp\/wp-content\/uploads\/2018\/09\/Affiche-concert-Patry-web-F.jpg?resize=205%2C300&#038;ssl=1\" alt=\"\" width=\"205\" height=\"300\"><\/a>Soyez des n\u00f4tres le <strong>dimanche 14 novembre<\/strong> \u00e0 <strong>14h30<\/strong> ou encore <strong>le samedi 20 novembre \u00e0 19h30<\/strong>, pour assister \u00e0 un concert reprenant le fameux op\u00e9ra <strong>Carmen<\/strong> de Georges Bizet dans une version abr\u00e9g\u00e9e et dirig\u00e9e par <strong>Johanne Patry<\/strong>, avec <strong>Kerry Taylor<\/strong> au piano. Une production de Johanne Patry,&nbsp;en collaboration avec le Relais Mont-Royal, l&rsquo;Op\u00e9ra l\u00e9ger de Montr\u00e9al et la communaut\u00e9 artistique de Montr\u00e9al.<\/p>\n<p>Les consignes sanitaires habituelles de pr\u00e9vention contre la covid-19 seront de rigueur. Par ailleurs, notez que <strong>le passeport sanitaire sera exig\u00e9<\/strong> \u00e0 l&rsquo;entr\u00e9e pour toute les personnes d\u00e9sirant assister au concert.<\/p>\n<p>Vous trouverez les d\u00e9tails pour la r\u00e9servation en cliquant sur l&rsquo;image ci-contre:<\/p>\n<p><span style=\"text-decoration: underline;\">Dates<\/span>:<\/p>\n<ul>\n<li>le <strong>dimanche 14 novembre<\/strong> 2021 \u00e0 <strong>14h30<\/strong>, au Relais Mont-Royal,&nbsp;500 Ave. Mont-Royal Est<\/li>\n<li>ou le <strong>samedi 20 novembre<\/strong> 2021 \u00e0 <strong>19h30<\/strong>, au Relais Mont-Royal,&nbsp;500 Ave. Mont-Royal Est<\/li>\n<\/ul>\n<p><span style=\"text-decoration: underline;\">Prix<\/span>: contribution volontaire sugg\u00e9r\u00e9e de <strong>15$ \u00e0 20$<\/strong><\/p>\n","protected":false},"excerpt":{"rendered":"<p>Soyez des n\u00f4tres le dimanche 14 novembre \u00e0 14h30 ou encore le samedi 20 novembre \u00e0 19h30, pour assister \u00e0 un concert reprenant le fameux op\u00e9ra Carmen de Georges Bizet dans une version abr\u00e9g\u00e9e et dirig\u00e9e par Johanne Patry, avec &hellip; <a href=\"https:\/\/relaismontroyal.org\/wp\/concert-de-musique-carmen-de-georges-bizet\/\">Lire la suite\u00ad\u00ad<\/a><\/p>\n","protected":false},"author":2,"featured_media":192036,"comment_status":"open","ping_status":"open","sticky":false,"template":"","format":"standard","meta":{"jetpack_post_was_ever_published":false,"_jetpack_newsletter_access":"","_jetpack_dont_email_post_to_subs":false,"_jetpack_newsletter_tier_id":0,"_jetpack_memberships_contains_paywalled_content":false,"_jetpack_memberships_contains_paid_content":false,"footnotes":"","jetpack_publicize_message":"","jetpack_publicize_feature_enabled":true,"jetpack_social_post_already_shared":true,"jetpack_social_options":{"image_generator_settings":{"template":"highway","default_image_id":0,"font":"","enabled":false},"version":2}},"categories":[2],"tags":[662,304,663,231,664,458],"class_list":["post-192035","post","type-post","status-publish","format-standard","has-post-thumbnail","hentry","category-activites-culturelles","tag-carmen","tag-concert","tag-georges-bizet","tag-johanne-patry","tag-kerry-taylor","tag-les-soirees-musicales"],"jetpack_publicize_connections":[],"jetpack_featured_media_url":"https:\/\/i0.wp.com\/relaismontroyal.org\/wp\/wp-content\/uploads\/2018\/09\/Affiche-concert-Patry-web-F-e1634433397967.jpg?fit=1247%2C1066&ssl=1","jetpack_sharing_enabled":true,"jetpack_likes_enabled":true,"_links":{"self":[{"href":"https:\/\/relaismontroyal.org\/wp\/wp-json\/wp\/v2\/posts\/192035","targetHints":{"allow":["GET"]}}],"collection":[{"href":"https:\/\/relaismontroyal.org\/wp\/wp-json\/wp\/v2\/posts"}],"about":[{"href":"https:\/\/relaismontroyal.org\/wp\/wp-json\/wp\/v2\/types\/post"}],"author":[{"embeddable":true,"href":"https:\/\/relaismontroyal.org\/wp\/wp-json\/wp\/v2\/users\/2"}],"replies":[{"embeddable":true,"href":"https:\/\/relaismontroyal.org\/wp\/wp-json\/wp\/v2\/comments?post=192035"}],"version-history":[{"count":3,"href":"https:\/\/relaismontroyal.org\/wp\/wp-json\/wp\/v2\/posts\/192035\/revisions"}],"predecessor-version":[{"id":192041,"href":"https:\/\/relaismontroyal.org\/wp\/wp-json\/wp\/v2\/posts\/192035\/revisions\/192041"}],"wp:featuredmedia":[{"embeddable":true,"href":"https:\/\/relaismontroyal.org\/wp\/wp-json\/wp\/v2\/media\/192036"}],"wp:attachment":[{"href":"https:\/\/relaismontroyal.org\/wp\/wp-json\/wp\/v2\/media?parent=192035"}],"wp:term":[{"taxonomy":"category","embeddable":true,"href":"https:\/\/relaismontroyal.org\/wp\/wp-json\/wp\/v2\/categories?post=192035"},{"taxonomy":"post_tag","embeddable":true,"href":"https:\/\/relaismontroyal.org\/wp\/wp-json\/wp\/v2\/tags?post=192035"}],"curies":[{"name":"wp","href":"https:\/\/api.w.org\/{rel}","templated":true}]}}