{"id":192238,"date":"2022-03-09T08:00:00","date_gmt":"2022-03-09T13:00:00","guid":{"rendered":"https:\/\/relaismontroyal.org\/wp\/?p=192238"},"modified":"2022-03-09T08:17:18","modified_gmt":"2022-03-09T13:17:18","slug":"soiree-de-priere-avec-les-chants-de-taize-65","status":"publish","type":"post","link":"https:\/\/relaismontroyal.org\/wp\/soiree-de-priere-avec-les-chants-de-taize-65\/","title":{"rendered":"Soir\u00e9e de pri\u00e8re avec les Chants de Taiz\u00e9 \u00e0 19h30"},"content":{"rendered":"<p><a href=\"https:\/\/i0.wp.com\/relaismontroyal.org\/wp\/wp-content\/uploads\/2020\/03\/Croix_de_Taize%CC%81.jpg?ssl=1\"><img data-recalc-dims=\"1\" loading=\"lazy\" decoding=\"async\" class=\"alignright wp-image-190630 size-thumbnail\" src=\"https:\/\/i0.wp.com\/relaismontroyal.org\/wp\/wp-content\/uploads\/2020\/03\/Croix_de_Taize%CC%81.jpg?resize=150%2C150&#038;ssl=1\" alt=\"By Surfnico - Own work, CC BY-SA 3.0\" width=\"150\" height=\"150\" srcset=\"https:\/\/i0.wp.com\/relaismontroyal.org\/wp\/wp-content\/uploads\/2020\/03\/Croix_de_Taize%CC%81.jpg?resize=150%2C150&amp;ssl=1 150w, https:\/\/i0.wp.com\/relaismontroyal.org\/wp\/wp-content\/uploads\/2020\/03\/Croix_de_Taize%CC%81.jpg?resize=540%2C540&amp;ssl=1 540w, https:\/\/i0.wp.com\/relaismontroyal.org\/wp\/wp-content\/uploads\/2020\/03\/Croix_de_Taize%CC%81.jpg?resize=270%2C270&amp;ssl=1 270w, https:\/\/i0.wp.com\/relaismontroyal.org\/wp\/wp-content\/uploads\/2020\/03\/Croix_de_Taize%CC%81.jpg?zoom=3&amp;resize=150%2C150&amp;ssl=1 450w\" sizes=\"auto, (max-width: 150px) 100vw, 150px\" \/><\/a>Nous vous invitons \u00e0 venir en personne au Relais pour participer \u00e0 <span style=\"text-decoration: underline;\"><strong>notre soir\u00e9e de pri\u00e8re avec les chants de Taiz\u00e9<\/strong><\/span> qui aura lieu ce soir (<span style=\"text-decoration: underline;\">mercredi 9 mars 2022<\/span>) \u00e0 19h30.<\/p>\n<hr \/>\n<p>Si vous souhaitez vous joindre \u00e0 nous sur place, il vous faudra <span style=\"text-decoration: underline;\"><strong>respecter les consignes d&rsquo;hygi\u00e8ne et de distanciation<\/strong><\/span> impos\u00e9es par la sant\u00e9 publique: absence de sympt\u00f4mes, lavage des mains \u00e0 l&rsquo;entr\u00e9e et port d&rsquo;un <span style=\"text-decoration: underline;\"><strong>masque<\/strong> <strong>chirurgical<\/strong><\/span> de mani\u00e8re appropri\u00e9e (bouche et nez couverts en tout temps), ainsi que de conserver une distance de 2 m\u00e8tres entre toutes les personnes qui n&rsquo;habitent pas \u00e0 la m\u00eame adresse (impos\u00e9e pour les activit\u00e9s de chant).<\/p>\n<p><strong>Il est obligatoire d\u2019<\/strong><strong>entrer par la porte principale<\/strong><strong> qui ne sera ouverte que jusqu\u2019\u00e0 19h30<\/strong>.\u00a0<span style=\"text-decoration: underline;\"><strong>Venez en avance<\/strong><\/span>, car ensuite la porte est barr\u00e9e et il n\u2019est plus possible d\u2019entrer. La sortie se fera comme d\u2019habitude par la porte arri\u00e8re qui donne sur le stationnement de la rue Berri.<\/p>\n<hr \/>\n<p>Si vous ne pouvez pas vous d\u00e9placer en personne ou venir participer \u00e0 notre c\u00e9l\u00e9bration, elle sera diffus\u00e9e en ligne et en direct sur la plateforme YouTube.\u00a0<a href=\"https:\/\/youtu.be\/NOwJxo4ZL04\">Vous pouvez suivre ce lien pour la voir en direct, d\u00e8s qu&rsquo;elle aura d\u00e9but\u00e9<\/a> (la vid\u00e9o reste ensuite disponible en ligne <a href=\"https:\/\/www.youtube.com\/channel\/UCERpbNJmN3_9MR52URncZyw\">sur la chaine YouTube du Relais<\/a> pour un visionnement ult\u00e9rieur).<\/p>\n<div class=\"kad-youtube-shortcode videofit\"  ><iframe loading=\"lazy\" width=\"600\" height=\"400\" src=\"\/\/www.youtube.com\/embed\/NOwJxo4ZL04?autoplay=0&amp;controls=1&amp;fs=1&amp;modestbranding=0&amp;theme=dark&amp;rel=0&amp;loop=0\" frameborder=\"0\" allowfullscreen=\"true\"><\/iframe><\/div>\n<p>Fraternellement et en communaut\u00e9 de pri\u00e8re!<\/p>\n\n\n<p><\/p>\n","protected":false},"excerpt":{"rendered":"<p>Nous vous invitons \u00e0 venir en personne au Relais pour participer \u00e0 notre soir\u00e9e de pri\u00e8re avec les chants de Taiz\u00e9 qui aura lieu ce soir (mercredi 9 mars 2022) \u00e0 19h30. Si vous souhaitez vous joindre \u00e0 nous sur &hellip; <a href=\"https:\/\/relaismontroyal.org\/wp\/soiree-de-priere-avec-les-chants-de-taize-65\/\">Lire la suite\u00ad\u00ad<\/a><\/p>\n","protected":false},"author":2,"featured_media":190630,"comment_status":"open","ping_status":"open","sticky":false,"template":"","format":"standard","meta":{"jetpack_post_was_ever_published":false,"_jetpack_newsletter_access":"","_jetpack_dont_email_post_to_subs":false,"_jetpack_newsletter_tier_id":0,"_jetpack_memberships_contains_paywalled_content":false,"_jetpack_memberships_contains_paid_content":false,"footnotes":"","jetpack_publicize_message":"","jetpack_publicize_feature_enabled":true,"jetpack_social_post_already_shared":false,"jetpack_social_options":{"image_generator_settings":{"template":"highway","default_image_id":0,"font":"","enabled":false},"version":2}},"categories":[3,602],"tags":[222,165,385,611],"class_list":["post-192238","post","type-post","status-publish","format-standard","has-post-thumbnail","hentry","category-activites-spirituelles","category-chants-de-taize","tag-2e-careme","tag-chants-de-taize","tag-luc-9-28-36","tag-soiree-de-prieres"],"jetpack_publicize_connections":[],"jetpack_featured_media_url":"https:\/\/i0.wp.com\/relaismontroyal.org\/wp\/wp-content\/uploads\/2020\/03\/Croix_de_Taize%CC%81.jpg?fit=1550%2C1041&ssl=1","jetpack_sharing_enabled":true,"jetpack_likes_enabled":true,"_links":{"self":[{"href":"https:\/\/relaismontroyal.org\/wp\/wp-json\/wp\/v2\/posts\/192238","targetHints":{"allow":["GET"]}}],"collection":[{"href":"https:\/\/relaismontroyal.org\/wp\/wp-json\/wp\/v2\/posts"}],"about":[{"href":"https:\/\/relaismontroyal.org\/wp\/wp-json\/wp\/v2\/types\/post"}],"author":[{"embeddable":true,"href":"https:\/\/relaismontroyal.org\/wp\/wp-json\/wp\/v2\/users\/2"}],"replies":[{"embeddable":true,"href":"https:\/\/relaismontroyal.org\/wp\/wp-json\/wp\/v2\/comments?post=192238"}],"version-history":[{"count":2,"href":"https:\/\/relaismontroyal.org\/wp\/wp-json\/wp\/v2\/posts\/192238\/revisions"}],"predecessor-version":[{"id":192244,"href":"https:\/\/relaismontroyal.org\/wp\/wp-json\/wp\/v2\/posts\/192238\/revisions\/192244"}],"wp:featuredmedia":[{"embeddable":true,"href":"https:\/\/relaismontroyal.org\/wp\/wp-json\/wp\/v2\/media\/190630"}],"wp:attachment":[{"href":"https:\/\/relaismontroyal.org\/wp\/wp-json\/wp\/v2\/media?parent=192238"}],"wp:term":[{"taxonomy":"category","embeddable":true,"href":"https:\/\/relaismontroyal.org\/wp\/wp-json\/wp\/v2\/categories?post=192238"},{"taxonomy":"post_tag","embeddable":true,"href":"https:\/\/relaismontroyal.org\/wp\/wp-json\/wp\/v2\/tags?post=192238"}],"curies":[{"name":"wp","href":"https:\/\/api.w.org\/{rel}","templated":true}]}}