{"id":192617,"date":"2022-10-19T08:00:00","date_gmt":"2022-10-19T12:00:00","guid":{"rendered":"https:\/\/relaismontroyal.org\/wp\/?p=192617"},"modified":"2022-10-16T17:07:19","modified_gmt":"2022-10-16T21:07:19","slug":"soiree-de-priere-avec-les-chants-de-taize-92","status":"publish","type":"post","link":"https:\/\/relaismontroyal.org\/wp\/soiree-de-priere-avec-les-chants-de-taize-92\/","title":{"rendered":"Soir\u00e9e de pri\u00e8re avec les Chants de Taiz\u00e9 \u00e0 19h30"},"content":{"rendered":"<p><img data-recalc-dims=\"1\" loading=\"lazy\" decoding=\"async\" class=\"alignright wp-image-190630 size-thumbnail\" src=\"https:\/\/i0.wp.com\/relaismontroyal.org\/wp\/wp-content\/uploads\/2020\/03\/Croix_de_Taize%CC%81.jpg?resize=150%2C150&#038;ssl=1\" alt=\"By Surfnico - Own work, CC BY-SA 3.0\" width=\"150\" height=\"150\" srcset=\"https:\/\/i0.wp.com\/relaismontroyal.org\/wp\/wp-content\/uploads\/2020\/03\/Croix_de_Taize%CC%81.jpg?resize=150%2C150&amp;ssl=1 150w, https:\/\/i0.wp.com\/relaismontroyal.org\/wp\/wp-content\/uploads\/2020\/03\/Croix_de_Taize%CC%81.jpg?resize=540%2C540&amp;ssl=1 540w, https:\/\/i0.wp.com\/relaismontroyal.org\/wp\/wp-content\/uploads\/2020\/03\/Croix_de_Taize%CC%81.jpg?resize=270%2C270&amp;ssl=1 270w, https:\/\/i0.wp.com\/relaismontroyal.org\/wp\/wp-content\/uploads\/2020\/03\/Croix_de_Taize%CC%81.jpg?zoom=3&amp;resize=150%2C150&amp;ssl=1 450w\" sizes=\"auto, (max-width: 150px) 100vw, 150px\" \/>Nous vous invitons \u00e0 venir en personne au Relais pour participer \u00e0 <span style=\"text-decoration: underline;\"><strong>notre soir\u00e9e de pri\u00e8re avec les chants de Taiz\u00e9<\/strong><\/span> qui aura lieu ce soir (<span style=\"text-decoration: underline;\">mercredi 19 octobre 2022<\/span>) \u00e0 19h30.<\/p>\n<hr \/>\n<p>En ce mois d&rsquo;octobre, marqu\u00e9 par l&rsquo;Action de gr\u00e2ce, la soir\u00e9e de ce soir aura un th\u00e8me sp\u00e9cial: <strong>Rendre gr\u00e2ce<\/strong>. Nous aurons quelques chants de Taiz\u00e9 en plus, des moments de lectures et de silences additionnels par rapport \u00e0 notre habitude et exceptionnellement nous r\u00e9duirons la part d\u00e9di\u00e9e au partage.<\/p>\n<hr \/>\n<p>Si vous ne pouvez pas vous d\u00e9placer en personne ou venir participer \u00e0 notre c\u00e9l\u00e9bration, notez qu&rsquo;elle sera diffus\u00e9e en ligne et en direct sur la plateforme YouTube. <a href=\"https:\/\/youtu.be\/NoXnYySuRM8\">Vous pouvez suivre ce lien pour la voir en direct, d\u00e8s qu&rsquo;elle aura d\u00e9but\u00e9<\/a> (la vid\u00e9o reste ensuite disponible en ligne <a href=\"https:\/\/www.youtube.com\/channel\/UCERpbNJmN3_9MR52URncZyw\">sur la cha\u00eene YouTube du Relais<\/a> pour un visionnement ult\u00e9rieur).<\/p>\n\n\n<figure class=\"wp-block-embed is-type-video is-provider-youtube wp-block-embed-youtube wp-embed-aspect-4-3 wp-has-aspect-ratio\"><div class=\"wp-block-embed__wrapper\">\n<iframe loading=\"lazy\" title=\"Chants de Taiz\u00e9 au Relais Mont-Royal (mercredi 19 octobre 2022)\" width=\"500\" height=\"281\" src=\"https:\/\/www.youtube.com\/embed\/NoXnYySuRM8?feature=oembed\" frameborder=\"0\" allow=\"accelerometer; autoplay; clipboard-write; encrypted-media; gyroscope; picture-in-picture; web-share\" referrerpolicy=\"strict-origin-when-cross-origin\" allowfullscreen><\/iframe>\n<\/div><\/figure>\n\n\n\n<p>Fraternellement et en communaut\u00e9 de pri\u00e8re!<\/p>\n","protected":false},"excerpt":{"rendered":"<p>Nous vous invitons \u00e0 venir en personne au Relais pour participer \u00e0 notre soir\u00e9e de pri\u00e8re avec les chants de Taiz\u00e9 qui aura lieu ce soir (mercredi 19 octobre 2022) \u00e0 19h30. En ce mois d&rsquo;octobre, marqu\u00e9 par l&rsquo;Action de &hellip; <a href=\"https:\/\/relaismontroyal.org\/wp\/soiree-de-priere-avec-les-chants-de-taize-92\/\">Lire la suite\u00ad\u00ad<\/a><\/p>\n","protected":false},"author":2,"featured_media":190630,"comment_status":"open","ping_status":"open","sticky":false,"template":"","format":"standard","meta":{"jetpack_post_was_ever_published":false,"_jetpack_newsletter_access":"","_jetpack_dont_email_post_to_subs":false,"_jetpack_newsletter_tier_id":0,"_jetpack_memberships_contains_paywalled_content":false,"_jetpack_memberships_contains_paid_content":false,"footnotes":"","jetpack_publicize_message":"","jetpack_publicize_feature_enabled":true,"jetpack_social_post_already_shared":false,"jetpack_social_options":{"image_generator_settings":{"template":"highway","default_image_id":0,"font":"","enabled":false},"version":2}},"categories":[3,602],"tags":[156,165,437,611],"class_list":["post-192617","post","type-post","status-publish","format-standard","has-post-thumbnail","hentry","category-activites-spirituelles","category-chants-de-taize","tag-30e-ordinaire","tag-chants-de-taize","tag-luc-18-9-14","tag-soiree-de-prieres"],"jetpack_publicize_connections":[],"jetpack_featured_media_url":"https:\/\/i0.wp.com\/relaismontroyal.org\/wp\/wp-content\/uploads\/2020\/03\/Croix_de_Taize%CC%81.jpg?fit=1550%2C1041&ssl=1","jetpack_sharing_enabled":true,"jetpack_likes_enabled":true,"_links":{"self":[{"href":"https:\/\/relaismontroyal.org\/wp\/wp-json\/wp\/v2\/posts\/192617","targetHints":{"allow":["GET"]}}],"collection":[{"href":"https:\/\/relaismontroyal.org\/wp\/wp-json\/wp\/v2\/posts"}],"about":[{"href":"https:\/\/relaismontroyal.org\/wp\/wp-json\/wp\/v2\/types\/post"}],"author":[{"embeddable":true,"href":"https:\/\/relaismontroyal.org\/wp\/wp-json\/wp\/v2\/users\/2"}],"replies":[{"embeddable":true,"href":"https:\/\/relaismontroyal.org\/wp\/wp-json\/wp\/v2\/comments?post=192617"}],"version-history":[{"count":2,"href":"https:\/\/relaismontroyal.org\/wp\/wp-json\/wp\/v2\/posts\/192617\/revisions"}],"predecessor-version":[{"id":192624,"href":"https:\/\/relaismontroyal.org\/wp\/wp-json\/wp\/v2\/posts\/192617\/revisions\/192624"}],"wp:featuredmedia":[{"embeddable":true,"href":"https:\/\/relaismontroyal.org\/wp\/wp-json\/wp\/v2\/media\/190630"}],"wp:attachment":[{"href":"https:\/\/relaismontroyal.org\/wp\/wp-json\/wp\/v2\/media?parent=192617"}],"wp:term":[{"taxonomy":"category","embeddable":true,"href":"https:\/\/relaismontroyal.org\/wp\/wp-json\/wp\/v2\/categories?post=192617"},{"taxonomy":"post_tag","embeddable":true,"href":"https:\/\/relaismontroyal.org\/wp\/wp-json\/wp\/v2\/tags?post=192617"}],"curies":[{"name":"wp","href":"https:\/\/api.w.org\/{rel}","templated":true}]}}