{"id":193117,"date":"2023-10-11T08:00:00","date_gmt":"2023-10-11T12:00:00","guid":{"rendered":"https:\/\/relaismontroyal.org\/wp\/?p=193117"},"modified":"2023-10-09T20:39:20","modified_gmt":"2023-10-10T00:39:20","slug":"soiree-de-priere-avec-les-chants-de-taize-126","status":"publish","type":"post","link":"https:\/\/relaismontroyal.org\/wp\/soiree-de-priere-avec-les-chants-de-taize-126\/","title":{"rendered":"Soir\u00e9e de pri\u00e8re avec les Chants de Taiz\u00e9 \u00e0 19h30"},"content":{"rendered":"<p><a href=\"https:\/\/i0.wp.com\/relaismontroyal.org\/wp\/wp-content\/uploads\/2020\/03\/Croix_de_Taiz%C3%A9.jpg?ssl=1\"><img data-recalc-dims=\"1\" loading=\"lazy\" decoding=\"async\" class=\"alignright wp-image-190630 size-thumbnail\" src=\"https:\/\/i0.wp.com\/relaismontroyal.org\/wp\/wp-content\/uploads\/2020\/03\/Croix_de_Taize%CC%81.jpg?resize=150%2C150&#038;ssl=1\" alt=\"By Surfnico - Own work, CC BY-SA 3.0\" width=\"150\" height=\"150\" srcset=\"https:\/\/i0.wp.com\/relaismontroyal.org\/wp\/wp-content\/uploads\/2020\/03\/Croix_de_Taize%CC%81.jpg?resize=150%2C150&amp;ssl=1 150w, https:\/\/i0.wp.com\/relaismontroyal.org\/wp\/wp-content\/uploads\/2020\/03\/Croix_de_Taize%CC%81.jpg?resize=540%2C540&amp;ssl=1 540w, https:\/\/i0.wp.com\/relaismontroyal.org\/wp\/wp-content\/uploads\/2020\/03\/Croix_de_Taize%CC%81.jpg?resize=270%2C270&amp;ssl=1 270w, https:\/\/i0.wp.com\/relaismontroyal.org\/wp\/wp-content\/uploads\/2020\/03\/Croix_de_Taize%CC%81.jpg?zoom=3&amp;resize=150%2C150&amp;ssl=1 450w\" sizes=\"auto, (max-width: 150px) 100vw, 150px\" \/><\/a><\/p>\n<p>Nous vous invitons \u00e0 venir en personne au Relais pour participer \u00e0 <span style=\"text-decoration: underline;\"><strong>notre soir\u00e9e de pri\u00e8re avec les chants de Taiz\u00e9<\/strong><\/span> qui aura lieu ce soir (<span style=\"text-decoration: underline;\">mercredi 4 octobre 2023<\/span>) \u00e0 19h30.<\/p>\n<hr \/>\n<p>Si vous ne pouvez pas vous d\u00e9placer en personne ou venir participer \u00e0 notre c\u00e9l\u00e9bration, notez qu&rsquo;elle sera diffus\u00e9e en ligne et en direct sur la plateforme YouTube. <a href=\"https:\/\/www.youtube.com\/watch?v=cvP-3hXJqM0\">Vous pouvez suivre ce lien pour la voir en direct, d\u00e8s qu&rsquo;elle aura d\u00e9but\u00e9<\/a> (la vid\u00e9o reste ensuite disponible en ligne <a href=\"https:\/\/www.youtube.com\/@relaismontroyal\/streams\">sur la cha\u00eene YouTube du Relais<\/a> pour un visionnement ult\u00e9rieur).<\/p>\n<p><iframe loading=\"lazy\" title=\"Chants de Taiz\u00e9 au Relais Mont-Royal (mercredi 11 octobre 2023)\" width=\"500\" height=\"281\" src=\"https:\/\/www.youtube.com\/embed\/cvP-3hXJqM0?feature=oembed\" frameborder=\"0\" allow=\"accelerometer; autoplay; clipboard-write; encrypted-media; gyroscope; picture-in-picture; web-share\" referrerpolicy=\"strict-origin-when-cross-origin\" allowfullscreen><\/iframe><\/p>\n\n\n<p>Fraternellement et en communaut\u00e9 de pri\u00e8re!<\/p>\n","protected":false},"excerpt":{"rendered":"<p>Nous vous invitons \u00e0 venir en personne au Relais pour participer \u00e0 notre soir\u00e9e de pri\u00e8re avec les chants de Taiz\u00e9 qui aura lieu ce soir (mercredi 4 octobre 2023) \u00e0 19h30. Si vous ne pouvez pas vous d\u00e9placer en &hellip; <a href=\"https:\/\/relaismontroyal.org\/wp\/soiree-de-priere-avec-les-chants-de-taize-126\/\">Lire la suite\u00ad\u00ad<\/a><\/p>\n","protected":false},"author":8,"featured_media":190630,"comment_status":"open","ping_status":"open","sticky":false,"template":"","format":"standard","meta":{"jetpack_post_was_ever_published":false,"_jetpack_newsletter_access":"","_jetpack_dont_email_post_to_subs":false,"_jetpack_newsletter_tier_id":0,"_jetpack_memberships_contains_paywalled_content":false,"_jetpack_memberships_contains_paid_content":false,"footnotes":"","jetpack_publicize_message":"","jetpack_publicize_feature_enabled":true,"jetpack_social_post_already_shared":true,"jetpack_social_options":{"image_generator_settings":{"template":"highway","default_image_id":0,"font":"","enabled":false},"version":2}},"categories":[3,602],"tags":[319,727,611],"class_list":["post-193117","post","type-post","status-publish","format-standard","has-post-thumbnail","hentry","category-activites-spirituelles","category-chants-de-taize","tag-28e-dimanche-ordinaire","tag-matthieu-22-1-10","tag-soiree-de-prieres"],"jetpack_publicize_connections":[],"jetpack_featured_media_url":"https:\/\/i0.wp.com\/relaismontroyal.org\/wp\/wp-content\/uploads\/2020\/03\/Croix_de_Taize%CC%81.jpg?fit=1550%2C1041&ssl=1","jetpack_sharing_enabled":true,"jetpack_likes_enabled":true,"_links":{"self":[{"href":"https:\/\/relaismontroyal.org\/wp\/wp-json\/wp\/v2\/posts\/193117","targetHints":{"allow":["GET"]}}],"collection":[{"href":"https:\/\/relaismontroyal.org\/wp\/wp-json\/wp\/v2\/posts"}],"about":[{"href":"https:\/\/relaismontroyal.org\/wp\/wp-json\/wp\/v2\/types\/post"}],"author":[{"embeddable":true,"href":"https:\/\/relaismontroyal.org\/wp\/wp-json\/wp\/v2\/users\/8"}],"replies":[{"embeddable":true,"href":"https:\/\/relaismontroyal.org\/wp\/wp-json\/wp\/v2\/comments?post=193117"}],"version-history":[{"count":1,"href":"https:\/\/relaismontroyal.org\/wp\/wp-json\/wp\/v2\/posts\/193117\/revisions"}],"predecessor-version":[{"id":193118,"href":"https:\/\/relaismontroyal.org\/wp\/wp-json\/wp\/v2\/posts\/193117\/revisions\/193118"}],"wp:featuredmedia":[{"embeddable":true,"href":"https:\/\/relaismontroyal.org\/wp\/wp-json\/wp\/v2\/media\/190630"}],"wp:attachment":[{"href":"https:\/\/relaismontroyal.org\/wp\/wp-json\/wp\/v2\/media?parent=193117"}],"wp:term":[{"taxonomy":"category","embeddable":true,"href":"https:\/\/relaismontroyal.org\/wp\/wp-json\/wp\/v2\/categories?post=193117"},{"taxonomy":"post_tag","embeddable":true,"href":"https:\/\/relaismontroyal.org\/wp\/wp-json\/wp\/v2\/tags?post=193117"}],"curies":[{"name":"wp","href":"https:\/\/api.w.org\/{rel}","templated":true}]}}