{"id":193192,"date":"2024-01-03T08:00:00","date_gmt":"2024-01-03T13:00:00","guid":{"rendered":"https:\/\/relaismontroyal.org\/wp\/?p=193192"},"modified":"2024-01-03T09:47:19","modified_gmt":"2024-01-03T14:47:19","slug":"soiree-de-priere-avec-les-chants-de-taize-134","status":"publish","type":"post","link":"https:\/\/relaismontroyal.org\/wp\/soiree-de-priere-avec-les-chants-de-taize-134\/","title":{"rendered":"\u2014 Erratum \u2014 pas de soir\u00e9e de pri\u00e8re avec les Chants de Taiz\u00e9 cette semaine!"},"content":{"rendered":"<p><a href=\"https:\/\/i0.wp.com\/relaismontroyal.org\/wp\/wp-content\/uploads\/2020\/03\/Croix_de_Taiz%C3%A9.jpg?ssl=1\"><img data-recalc-dims=\"1\" loading=\"lazy\" decoding=\"async\" class=\"alignright wp-image-190630 size-thumbnail\" src=\"https:\/\/i0.wp.com\/relaismontroyal.org\/wp\/wp-content\/uploads\/2020\/03\/Croix_de_Taize%CC%81.jpg?resize=150%2C150&#038;ssl=1\" alt=\"By Surfnico - Own work, CC BY-SA 3.0\" width=\"150\" height=\"150\" srcset=\"https:\/\/i0.wp.com\/relaismontroyal.org\/wp\/wp-content\/uploads\/2020\/03\/Croix_de_Taize%CC%81.jpg?resize=150%2C150&amp;ssl=1 150w, https:\/\/i0.wp.com\/relaismontroyal.org\/wp\/wp-content\/uploads\/2020\/03\/Croix_de_Taize%CC%81.jpg?resize=540%2C540&amp;ssl=1 540w, https:\/\/i0.wp.com\/relaismontroyal.org\/wp\/wp-content\/uploads\/2020\/03\/Croix_de_Taize%CC%81.jpg?resize=270%2C270&amp;ssl=1 270w, https:\/\/i0.wp.com\/relaismontroyal.org\/wp\/wp-content\/uploads\/2020\/03\/Croix_de_Taize%CC%81.jpg?zoom=3&amp;resize=150%2C150&amp;ssl=1 450w\" sizes=\"auto, (max-width: 150px) 100vw, 150px\" \/><\/a><\/p>\n<p>Contrairement \u00e0 ce qui a \u00e9t\u00e9 annonc\u00e9 ce matin par erreur, <strong>cette semaine le Relais est ferm\u00e9<\/strong> et les c\u00e9l\u00e9brations avec les chants de Taiz\u00e9 reprendrons la semaine prochaine. Il n&rsquo;y aura pas de c\u00e9l\u00e9bration ce mercredi 3 janvier!<\/p>\n<p>Toute l&rsquo;\u00e9quipe du Relais en profite pour vous souhaiter de passer une tr\u00e8s bonne ann\u00e9e 2024 et de rester dans la paix et la lumi\u00e8re du Ressuscit\u00e9 \u2014 notamment en ces jours de l&rsquo;\u00c9piphanie qui vient clore les f\u00eates liturgiques de la naissance du Christ!<\/p>\n\n\n<p>Fraternellement et en communaut\u00e9 de pri\u00e8re!<\/p>\n","protected":false},"excerpt":{"rendered":"<p>Contrairement \u00e0 ce qui a \u00e9t\u00e9 annonc\u00e9 ce matin par erreur, cette semaine le Relais est ferm\u00e9 et les c\u00e9l\u00e9brations avec les chants de Taiz\u00e9 reprendrons la semaine prochaine. Il n&rsquo;y aura pas de c\u00e9l\u00e9bration ce mercredi 3 janvier! Toute &hellip; <a href=\"https:\/\/relaismontroyal.org\/wp\/soiree-de-priere-avec-les-chants-de-taize-134\/\">Lire la suite\u00ad\u00ad<\/a><\/p>\n","protected":false},"author":8,"featured_media":190630,"comment_status":"open","ping_status":"open","sticky":false,"template":"","format":"standard","meta":{"jetpack_post_was_ever_published":false,"_jetpack_newsletter_access":"","_jetpack_dont_email_post_to_subs":false,"_jetpack_newsletter_tier_id":0,"_jetpack_memberships_contains_paywalled_content":false,"_jetpack_memberships_contains_paid_content":false,"footnotes":"","jetpack_publicize_message":"","jetpack_publicize_feature_enabled":true,"jetpack_social_post_already_shared":true,"jetpack_social_options":{"image_generator_settings":{"template":"highway","default_image_id":0,"font":"","enabled":false},"version":2}},"categories":[3,602],"tags":[49,732,187,611],"class_list":["post-193192","post","type-post","status-publish","format-standard","has-post-thumbnail","hentry","category-activites-spirituelles","category-chants-de-taize","tag-commentaire","tag-epiphanie-du-seigneur","tag-matthieu-2-1-12","tag-soiree-de-prieres"],"jetpack_publicize_connections":[],"jetpack_featured_media_url":"https:\/\/i0.wp.com\/relaismontroyal.org\/wp\/wp-content\/uploads\/2020\/03\/Croix_de_Taize%CC%81.jpg?fit=1550%2C1041&ssl=1","jetpack_sharing_enabled":true,"jetpack_likes_enabled":true,"_links":{"self":[{"href":"https:\/\/relaismontroyal.org\/wp\/wp-json\/wp\/v2\/posts\/193192","targetHints":{"allow":["GET"]}}],"collection":[{"href":"https:\/\/relaismontroyal.org\/wp\/wp-json\/wp\/v2\/posts"}],"about":[{"href":"https:\/\/relaismontroyal.org\/wp\/wp-json\/wp\/v2\/types\/post"}],"author":[{"embeddable":true,"href":"https:\/\/relaismontroyal.org\/wp\/wp-json\/wp\/v2\/users\/8"}],"replies":[{"embeddable":true,"href":"https:\/\/relaismontroyal.org\/wp\/wp-json\/wp\/v2\/comments?post=193192"}],"version-history":[{"count":2,"href":"https:\/\/relaismontroyal.org\/wp\/wp-json\/wp\/v2\/posts\/193192\/revisions"}],"predecessor-version":[{"id":193196,"href":"https:\/\/relaismontroyal.org\/wp\/wp-json\/wp\/v2\/posts\/193192\/revisions\/193196"}],"wp:featuredmedia":[{"embeddable":true,"href":"https:\/\/relaismontroyal.org\/wp\/wp-json\/wp\/v2\/media\/190630"}],"wp:attachment":[{"href":"https:\/\/relaismontroyal.org\/wp\/wp-json\/wp\/v2\/media?parent=193192"}],"wp:term":[{"taxonomy":"category","embeddable":true,"href":"https:\/\/relaismontroyal.org\/wp\/wp-json\/wp\/v2\/categories?post=193192"},{"taxonomy":"post_tag","embeddable":true,"href":"https:\/\/relaismontroyal.org\/wp\/wp-json\/wp\/v2\/tags?post=193192"}],"curies":[{"name":"wp","href":"https:\/\/api.w.org\/{rel}","templated":true}]}}