{"id":301,"date":"2014-02-19T17:11:00","date_gmt":"2014-02-19T22:11:00","guid":{"rendered":"https:\/\/relaismontroyal.org\/wp\/?p=301"},"modified":"2014-03-04T16:11:25","modified_gmt":"2014-03-04T21:11:25","slug":"evangile-du-dimanche-23-fevrier-2014","status":"publish","type":"post","link":"https:\/\/relaismontroyal.org\/wp\/evangile-du-dimanche-23-fevrier-2014\/","title":{"rendered":"\u00c9vangile du dimanche 23 f\u00e9vrier 2014"},"content":{"rendered":"<p><img data-recalc-dims=\"1\" loading=\"lazy\" decoding=\"async\" class=\"alignright\" alt=\"Du pain sur la table\" src=\"https:\/\/i0.wp.com\/relaismontroyal.org\/wp\/wp-content\/uploads\/2014\/02\/IMG_5175-150x150.jpg?resize=150%2C150\" width=\"150\" height=\"150\" \/><\/p>\n<h3><strong>7e dimanche ordinaire A, Matthieu (5, 38-48)<\/strong><\/h3>\n<p style=\"padding-left: 30px;\"><em>(Comme les disciples s&rsquo;\u00e9taient rassembl\u00e9s autour de J\u00e9sus sur la montagne, il leur disait:)<\/em><\/p>\n<p style=\"padding-left: 30px;\"><em><\/em><em><span style=\"color: #ff9900;\">38<\/span> Vous avez appris qu&rsquo;il a \u00e9t\u00e9 dit: \u00ab\u0153il pour \u0153il, dent pour dent. \u00bb<\/em><\/p>\n<p style=\"padding-left: 30px;\"><em><span style=\"color: #ff9900;\">39<\/span> Eh bien moi, je vous dis: Ne riposte pas au m\u00e9chant;<br \/>\n<\/em><em>mais si quelqu&rsquo;un te gifle sur la joue droite, tends lui encore l&rsquo;autre.<\/em><\/p>\n<p style=\"padding-left: 30px;\"><em><span style=\"color: #ff9900;\">40<\/span> Et si quelqu&rsquo;un veut te faire un proc\u00e8s et prendre ta chemise,<br \/>\n<\/em><em>laisse lui encore ton manteau.<\/em><\/p>\n<p style=\"padding-left: 30px;\"><em><span style=\"color: #ff9900;\">41<\/span> Et si quelqu&rsquo;un te r\u00e9quisitionne pour faire mille pas, fais-en deux avec lui.<\/em><\/p>\n<p style=\"padding-left: 30px;\"><em><span style=\"color: #ff9900;\">42<\/span> Donne \u00e0 qui te demande; ne te d\u00e9tourne pas de celui qui veut t&#8217;emprunter.<\/em><\/p>\n<p style=\"padding-left: 30px;\"><em><span style=\"color: #ff9900;\">43<\/span> Vous avez appris qu&rsquo;il a \u00e9t\u00e9 dit: \u00abTu aimeras ton prochain et tu ha\u00efras ton ennemi.\u00bb<\/em><\/p>\n<p style=\"padding-left: 30px;\"><em><span style=\"color: #ff9900;\">44<\/span> Eh bien moi, je vous dis: Aimez vos ennemis, et priez pour ceux qui vous pers\u00e9cutent,<\/em><\/p>\n<p style=\"padding-left: 30px;\"><em><span style=\"color: #ff9900;\">45<\/span> afin d&rsquo;\u00eatre vraiment les fils de votre P\u00e8re qui est dans les cieux;<br \/>\n<\/em><em>car il fait lever son soleil sur les m\u00e9chants et sur les bons<br \/>\n<\/em><em>et tomber la pluie sur les justes et les injustes.<\/em><\/p>\n<p style=\"padding-left: 30px;\"><em><span style=\"color: #ff9900;\">46<\/span> Si vous aimez ceux qui vous aiment, quelle r\u00e9compense aurez-vous?<br \/>\n<\/em><em>Les publicains eux-m\u00eames n&rsquo;en font-ils pas autant?<\/em><\/p>\n<p style=\"padding-left: 30px;\"><em><span style=\"color: #ff9900;\">47<\/span> Et si vous ne saluez que vos fr\u00e8res, que faites-vous d&rsquo;extraordinaire?<br \/>\n<\/em><em>Les pa\u00efens eux-m\u00eames n&rsquo;en font-ils pas autant?<\/em><\/p>\n<p style=\"padding-left: 30px;\"><em><span style=\"color: #ff9900;\">48<\/span> Vous donc, soyez parfaits comme votre P\u00e8re c\u00e9leste est parfait.<\/em><\/p>\n<p style=\"text-align: left;\" align=\"right\">&#8212;<\/p>\n<figure id=\"attachment_591\" class=\"thumbnail wp-caption alignright\" style=\"width: 150px\"><a href=\"http:\/\/info-christianisme.org\/wp\/wp-content\/uploads\/2014\/01\/7ordinaireA.pdf\"><img data-recalc-dims=\"1\" loading=\"lazy\" decoding=\"async\" class=\"size-thumbnail wp-image-591 \" alt=\"Fichier .pdf\" src=\"https:\/\/i0.wp.com\/relaismontroyal.org\/wp\/wp-content\/uploads\/2014\/02\/pdf-icon-150x150.png?resize=150%2C150\" width=\"150\" height=\"150\" srcset=\"https:\/\/i0.wp.com\/relaismontroyal.org\/wp\/wp-content\/uploads\/2014\/02\/pdf-icon.png?resize=150%2C150&amp;ssl=1 150w, https:\/\/i0.wp.com\/relaismontroyal.org\/wp\/wp-content\/uploads\/2014\/02\/pdf-icon.png?w=256&amp;ssl=1 256w\" sizes=\"auto, (max-width: 150px) 100vw, 150px\" \/><\/a><figcaption class=\"caption wp-caption-text\">T\u00e9l\u00e9chargez en .pdf<\/figcaption><\/figure>\n<h3 style=\"text-align: left;\" align=\"right\">Lire le commentaire\u00a0<a title=\"7e dimanche ordinaire\" href=\"http:\/\/info-christianisme.org\/wp\/wp-content\/uploads\/2014\/01\/7ordinaireA.pdf\" target=\"_blank\">du pain sur la table<\/a>,<\/h3>\n<h6 style=\"text-align: left;\" align=\"right\">par Georges Convert<\/h6>\n<p style=\"text-align: left;\">&#8212;<\/p>\n<h3>Mon grain de sel,<\/h3>\n<h6>par Mario Bard.<\/h6>\n<h4><strong><span style=\"font-family: Calibri;\">Nul n\u2019est tenu \u00e0\u00a0l\u2019impossible. Sauf par Sa gr\u00e2ce\u2026<\/span><\/strong><\/h4>\n<p><span style=\"font-family: Calibri;\">T\u00f4t dans l\u2019histoire du christianisme, le peuple de Dieu a laiss\u00e9 de c\u00f4t\u00e9 certaines paroles de Ieshoua. On dirait que celles d\u2019aujourd\u2019hui font partie du lot des oubli\u00e9es.\u00a0<\/span><\/p>\n<p><span style=\"font-family: Calibri;\">On peut saisir pourquoi. \u00c0 titre personnel et dans notre vie quotidienne, celles-ci semblent tout simplement impossibles \u00e0 accomplir.<\/span><\/p>\n<p><span style=\"font-family: Calibri;\">En fait, le Dieu que nous pr\u00e9sente Ieshoua a toujours eu du plomb dans l\u2019aile. Observez comment dans son histoire, l\u2019\u00c9glise a \u00e9t\u00e9 vive \u00e0 \u00ab\u00a0inquisitionner\u00a0\u00bb ceux et celles qui lui paraissaient suspects. Ou bien \u00e0 partir en croisade \u00ab\u00a0lib\u00e9rer\u00a0\u00bb les lieux saints o\u00f9 Ieshoua a v\u00e9cu. \u00c0 notre \u00e9poque, les \u00c9glises \u00e9tats-uniennes sont \u00e9galement en mode apocalyptique\u00a0: \u00ab\u00a0repentance et purification\u00a0\u00bb r\u00e9clament et clament plusieurs pasteurs.<\/span><\/p>\n<p><span style=\"font-family: Calibri;\">Ce qui cr\u00e9e une ambiance de chasse aux sorci\u00e8res chez nos voisins du Sud. Vous vous dites disciples du Christ? Ces bonnes \u00e2mes vous sommeront de poss\u00e9der une morale de fer, de pr\u00f4ner la chastet\u00e9 \u00e0 tout crin et de vous prot\u00e9ger du monde ext\u00e9rieur. Que des \u00e9l\u00e9ments retrouv\u00e9s chez les purs ess\u00e9niens. Mais, o\u00f9 se trouvent-ils dans l\u2019\u00c9vangile?<\/span><\/p>\n<p><span style=\"font-family: Calibri;\">Ieshoua n\u2019a pas peur. Il parcourt la Galil\u00e9e, monte au-del\u00e0 des fronti\u00e8res, dans la r\u00e9gion de Tyr, et expulse les d\u00e9mons de la petite fille d\u2019une Syro-Ph\u00e9nicienne! (Marc, 7 25-30). Puis, toujours relat\u00e9 par Marc, il se rend dans la d\u00e9capole o\u00f9 il op\u00e8re un grand nombre de gu\u00e9risons. Son esprit n\u2019a aucune crainte d\u2019aller au-del\u00e0 du monde connu de son peuple. Aussi, il n\u2019a pas peur d\u2019\u00eatre avec ceux et celles que la soci\u00e9t\u00e9 rejette \u00e0 cause de leurs diff\u00e9rences, de leurs actions non culturellement reconnues \u00e0 une \u00e9poque donn\u00e9e, ou encore, ceux et celles qui ont p\u00e9ch\u00e9. Au contraire, plus le \u00ab\u00a0malade\u00a0\u00bb est ostracis\u00e9, plus Ieshoua se trouve \u00e0 ses c\u00f4t\u00e9s.<\/span><\/p>\n<p><span style=\"font-family: Calibri;\">Appliquer la justice de Dieu telle qu\u2019annonc\u00e9e par notre fr\u00e8re Ieshoua, c\u2019est justement ne pas \u00eatre effray\u00e9 par les sentiers battus. Loin des chemins tout trac\u00e9s d\u2019avance, Dieu-Ieshoua, Emmanuel \u2013 \u00ab\u00a0Dieu qui sauve\u00a0\u00bb \u2014, marche avec l\u2019humanit\u00e9, dans les profondeurs de son \u00e2me. \u00ab\u00a0Les t\u00e9n\u00e8bres ne sont point t\u00e9n\u00e8bres devant toi\u00a0\u00bb, proclame avec foi le psaume.<\/span><\/p>\n<p><span style=\"font-family: Calibri;\">***<\/span><\/p>\n<p><span style=\"font-family: Calibri;\">Pourquoi faut-il que les chr\u00e9tiens soient pris dans une position politique? Gauche, droite, centre\u2026 Peu importe; celui ou celle qui dit s\u2019avancer dans les pas de Ieshoua, n\u2019a de position politique que celle qui sert amoureusement le monde. Ce qui ne veut pas dire que l\u2019engagement politique soit \u00e0 \u00e9carter. Mais, c\u2019est l\u2019attitude que nous avons qui importe. Savons-nous \u00eatre \u00ab\u00a0Comme Lui, dresser la table, et servir chaque jour\u00a0\u00bb au-del\u00e0 de nos propres int\u00e9r\u00eats partisans, \u00e9conomiques ou moraux?<\/span><\/p>\n<p><span style=\"font-family: Calibri;\">Un jour, un homme conservateur de droite m\u2019a demand\u00e9, probablement pour me coincer avec mes cheveux longs et mon air boh\u00e8me ultragauchiste, de quel c\u00f4t\u00e9 politique je me situais? \u00ab\u00a0Avant tout, je suis chr\u00e9tien\u00a0\u00bb, avais-je r\u00e9pondu. L\u2019homme est rest\u00e9 abasourdi, tout comme moi d\u2019ailleurs, par ma r\u00e9ponse si peu \u00e9motive. Il m\u2019a regard\u00e9 quelques secondes. Puis, sans rien dire de plus, il a continu\u00e9 ses emplettes de livres usag\u00e9s. Le d\u00e9bat \u00e9tait termin\u00e9.<\/span><\/p>\n<p><span style=\"font-family: Calibri;\">J\u2019aime d\u00e9battre, parler pour parler et d\u00e9fendre mes points de vue, m\u00eame quand j\u2019ai tort\u2026 Comme tout le monde, je me laisse prendre au jeu. Ce qui n\u2019est pas mauvais. Par contre, une v\u00e9ritable \u00ab\u00a0disputatio\u00a0\u00bb, au sens de disputer et de discuter de nos opinions afin de s\u2019enrichir ou de mieux comprendre l\u2019autre, est certainement une attitude plus saine que les dialogues de sourds qui servent parfois de d\u00e9bat au monde politique.<\/span><\/p>\n<p><span style=\"font-family: Calibri;\">Il me semble que l\u2019un des probl\u00e8mes de nos soci\u00e9t\u00e9s occidentales actuelles, c\u2019est qu\u2019elles campent les individus dans un r\u00f4le. En fait, et probablement de tout temps ainsi que par ins\u00e9curit\u00e9, l\u2019\u00eatre humain a essay\u00e9 de placer l\u2019autre \u00e0 l\u2019int\u00e9rieur d\u2019une case, un moule, afin d\u2019\u00eatre s\u00fbr que rien de dangereux et d\u2019inattendu n\u2019en sorte. Les m\u00e9dias et les nombreux r\u00e9seaux sociaux ne font qu\u2019accentuer le ph\u00e9nom\u00e8ne.<\/span><\/p>\n<p><span style=\"font-family: Calibri;\">Tout le contraire de l\u2019attitude chr\u00e9tienne de libert\u00e9.<\/span><\/p>\n<p><span style=\"font-family: Calibri;\">***<\/span><\/p>\n<p><span style=\"font-family: Calibri;\">La libert\u00e9 permet \u00e0 Ieshoua d\u2019annoncer ce R\u00e8gne de Dieu o\u00f9 l\u2019ennemi n\u2019est plus \u00e0 abattre, mais \u00e0 aimer. Comme Nelson Mandela ou Gandhi, la transformation politique s\u2019op\u00e8re d\u2019abord dans un c\u0153ur qui n\u2019y laisse plus entrer la haine. Dans la pri\u00e8re pour l\u2019ennemi, l\u2019espoir de voir l\u2019autre changer est toujours possible. Par contre dans la guerre, le sang fait gicler en \u00e9clat le c\u0153ur de l\u2019autre. Il le d\u00e9truit. Et son \u00e2me, si elle \u00e9tait mauvaise, n\u2019a pas \u00e9t\u00e9 convertie par l\u2019amour.<\/span><\/p>\n<p><span style=\"font-family: Calibri;\">Prier pour l\u2019impossible, j\u2019esp\u00e8re que c\u2019est d\u00e9j\u00e0 entrer dans cet univers d\u2019amour qui fait vibrer l\u2019ennemi, le rend de nouveau humain, pour que finalement, la terre en devienne nouvelle.<\/span><\/p>\n<p><span style=\"font-family: Calibri;\">S\u2019il est vrai que des chr\u00e9tiens ont pu se livrer \u00e0 la barbarie des inquisitions, des croisades et chasses aux sorci\u00e8res, d\u2019autres ont su transformer leur monde au point que nous parlons encore d\u2019eux aujourd\u2019hui; Fran\u00e7ois d\u2019Assise, Catherine de Sienne, Marie de l\u2019Incarnation, le fr\u00e8re Andr\u00e9 et j\u2019en passe. Vous en connaissez aussi qui n\u2019ont pas eu peur. Maintenant, serez-vous de ceux-l\u00e0?<\/span><span style=\"font-family: 'Times New Roman'; font-size: medium;\">\u00a0<\/span><\/p>\n<p><span style=\"font-family: Calibri;\">La libert\u00e9 des chr\u00e9tiens est un amour impossible, rendu possible par la gr\u00e2ce de Dieu. Avons-nous foi en Lui?<\/span><\/p>\n<p><strong>\u00a0<\/strong><\/p>\n","protected":false},"excerpt":{"rendered":"<p>7e dimanche ordinaire A, Matthieu (5, 38-48) (Comme les disciples s&rsquo;\u00e9taient rassembl\u00e9s autour de J\u00e9sus sur la montagne, il leur disait:) 38 Vous avez appris qu&rsquo;il a \u00e9t\u00e9 dit: \u00ab\u0153il pour \u0153il, dent pour dent. \u00bb 39 Eh bien moi, &hellip; <a href=\"https:\/\/relaismontroyal.org\/wp\/evangile-du-dimanche-23-fevrier-2014\/\">Lire la suite\u00ad\u00ad<\/a><\/p>\n","protected":false},"author":1,"featured_media":0,"comment_status":"open","ping_status":"open","sticky":false,"template":"","format":"standard","meta":{"jetpack_post_was_ever_published":false,"_jetpack_newsletter_access":"","_jetpack_dont_email_post_to_subs":false,"_jetpack_newsletter_tier_id":0,"_jetpack_memberships_contains_paywalled_content":false,"_jetpack_memberships_contains_paid_content":false,"footnotes":"","jetpack_publicize_message":"","jetpack_publicize_feature_enabled":true,"jetpack_social_post_already_shared":true,"jetpack_social_options":{"image_generator_settings":{"template":"highway","default_image_id":0,"font":"","enabled":false},"version":2}},"categories":[3,16],"tags":[29],"class_list":["post-301","post","type-post","status-publish","format-standard","hentry","category-activites-spirituelles","category-du-pain-sur-la-table","tag-7e-ordinaire"],"jetpack_publicize_connections":[],"jetpack_featured_media_url":"","jetpack_sharing_enabled":true,"jetpack_likes_enabled":true,"_links":{"self":[{"href":"https:\/\/relaismontroyal.org\/wp\/wp-json\/wp\/v2\/posts\/301","targetHints":{"allow":["GET"]}}],"collection":[{"href":"https:\/\/relaismontroyal.org\/wp\/wp-json\/wp\/v2\/posts"}],"about":[{"href":"https:\/\/relaismontroyal.org\/wp\/wp-json\/wp\/v2\/types\/post"}],"author":[{"embeddable":true,"href":"https:\/\/relaismontroyal.org\/wp\/wp-json\/wp\/v2\/users\/1"}],"replies":[{"embeddable":true,"href":"https:\/\/relaismontroyal.org\/wp\/wp-json\/wp\/v2\/comments?post=301"}],"version-history":[{"count":2,"href":"https:\/\/relaismontroyal.org\/wp\/wp-json\/wp\/v2\/posts\/301\/revisions"}],"predecessor-version":[{"id":930,"href":"https:\/\/relaismontroyal.org\/wp\/wp-json\/wp\/v2\/posts\/301\/revisions\/930"}],"wp:attachment":[{"href":"https:\/\/relaismontroyal.org\/wp\/wp-json\/wp\/v2\/media?parent=301"}],"wp:term":[{"taxonomy":"category","embeddable":true,"href":"https:\/\/relaismontroyal.org\/wp\/wp-json\/wp\/v2\/categories?post=301"},{"taxonomy":"post_tag","embeddable":true,"href":"https:\/\/relaismontroyal.org\/wp\/wp-json\/wp\/v2\/tags?post=301"}],"curies":[{"name":"wp","href":"https:\/\/api.w.org\/{rel}","templated":true}]}}